{"id":1092,"date":"2015-01-15T18:56:40","date_gmt":"2015-01-15T17:56:40","guid":{"rendered":"https:\/\/archipress.org\/wp\/?page_id=1092"},"modified":"2026-05-02T08:24:49","modified_gmt":"2026-05-02T07:24:49","slug":"joel-de-rosnay-les-chemins-de-la-vie","status":"publish","type":"post","link":"https:\/\/archipress.org\/?p=1092","title":{"rendered":"Jo\u00ebl de Rosnay, Les chemins de la vie"},"content":{"rendered":"<p style=\"text-align: justify;\">Jo\u00ebl de Rosnay, <em>Les chemins de la vie<\/em>, Le Seuil, 1983<\/p>\n<p style=\"text-align: justify;\"><a href=\"https:\/\/archipress.org\/wp-content\/uploads\/2015\/01\/9782020068345FS11.gif\"><img loading=\"lazy\" decoding=\"async\" class=\"  wp-image-1182 alignleft\" src=\"https:\/\/archipress.org\/wp-content\/uploads\/2015\/01\/9782020068345FS11.gif\" alt=\"9782020068345FS[1]\" width=\"200\" height=\"323\" \/><\/a>&#8220;Ce livre pr\u00e9sente une peinture impressionniste de la soci\u00e9t\u00e9 technologique, de ses d\u00e9veloppements et de ses implications.&#8221;<\/p>\n<p style=\"text-align: justify;\">L&#8217;auteur a \u00e9tudi\u00e9 et enseign\u00e9 \u00e0 M.I.T. , a travaill\u00e9 \u00e0 l&#8217;Institut Pasteur. Il a \u00e9galement \u00e9crit le Macroscope, la Malbouffe, les origines de la vie, L&#8217;homme symbiotique.<\/p>\n<p style=\"text-align: justify;\">Extraits significatifs ;<\/p>\n<p style=\"text-align: justify;\">p. 9 ; &#8220;A partir d&#8217;une telle approche, je voudrais tenter dans ce livre une r\u00e9flexion sur l&#8217;\u00e9volution de notre soci\u00e9t\u00e9, en l&#8217;envisageant non seulement sous ses aspects scientifiques, techniques ou industriels, mais aussi sous l&#8217;angle des nouvelles valeurs qui semblent \u00e9merger de la g\u00e9n\u00e9ration actuelle.<\/p>\n<p style=\"text-align: justify;\">(&#8230;) D\u00e9j\u00e0, aux \u00c9tats-Unis, 50 % de la population active sont engag\u00e9s dans des activit\u00e9s de traitement de l&#8217;information.&#8221;<\/p>\n<p style=\"text-align: justify;\">p. 10 ; &#8220;Apr\u00e8s la phase de conqu\u00eate de l&#8217;espace terrestre, puis celle de la croissance industrielle, nous entrons dans une phase de &#8220;r\u00e9ticulation&#8221; de la soci\u00e9t\u00e9. Il se cr\u00e9e, de proche en proche, des r\u00e9seaux de plus en plus \u00e9troitement interconnect\u00e9s et interd\u00e9pendants. Macro et micro-r\u00e9seaux au sein desquels chacun est \u00e0 la fois un &#8220;lien&#8221; et un &#8220;noeud&#8221;. Cette &#8220;soci\u00e9t\u00e9 r\u00e9ticulaire&#8221;, rendue possible par l&#8217;essor des communications, conduit \u00e0 des diversifications, des d\u00e9centralisations, des diff\u00e9renciations du tissu de la soci\u00e9t\u00e9. La logique de l&#8217;\u00e9nergie implique centralisation et exclusion. La logique de l&#8217;information, distribution et compl\u00e9mentarit\u00e9. De nouvelles valeurs \u00e9mergent : modification des rapports \u00e0 soi-m\u00eame ; autres regards sur la conduite de sa vie, la sant\u00e9, les sports individuels, les relations \u00e0 la maladie et \u00e0 la mort ; nouveaux rapports avec les techniques -outils de changements- telles la biologie, l&#8217;informatique, la robotique ; besoin d&#8217;\u00e9valuer leur impact sur la vie quotidienne et l&#8217;avenir de la soci\u00e9t\u00e9 ; nouvelles exigences sur la qualit\u00e9 de l&#8217;environnement&#8221;<\/p>\n<p style=\"text-align: justify;\">p. 89 ; &#8220;Il est int\u00e9ressant de relire aujourd&#8217;hui les conclusions du &#8220;Rapport global 2000&#8221; remis au pr\u00e9sident Carter par le Council on Environment Quality et le d\u00e9partement d&#8217;\u00c9tat en juillet 1980. Ce rapport est particuli\u00e8rement pessimiste : la croissance d\u00e9mographique va se poursuivre ; les ressources \u00e9nerg\u00e9tiques vont diminuer ; la pollution va s&#8217;\u00e9tendre ; le foss\u00e9 \u00e9conomique entre pays d\u00e9velopp\u00e9s et pays en voie de d\u00e9veloppement va se creuser ; l&#8217;eau potable sera plus rare, les aliments aussi et il seront plus chers ; la faim dans le monde touchera plus d&#8217;hommes, de femmes et d&#8217;enfants qu&#8217;aujourd&#8217;hui ; les d\u00e9serts vont progresser, les for\u00eats diminuer ; 500 000 esp\u00e8ces animales et v\u00e9g\u00e9tales vont dispara\u00eetre, r\u00e9duisant la vari\u00e9t\u00e9 de l&#8217;\u00e9cosyst\u00e8me et diminuant sa stabilit\u00e9 ; le monde sera plus vuln\u00e9rable, plus tendu, les risques de conflits plus grands que jamais.<\/p>\n<p style=\"text-align: justify;\">Que faut-il en penser ? S&#8217;agit-il du constat de faillites de nos m\u00e9thodes de pr\u00e9vision et de gestion \u00e0 l&#8217;\u00e9chelle de la plan\u00e8te ? De l&#8217;\u00e9chec du mod\u00e8le industriel ? Ou plut\u00f4t du r\u00e9sultat d&#8217;une approche morcel\u00e9e des grands probl\u00e8mes, sans vision globale, en &#8220;patchwork&#8221;, conduisant \u00e0 des d\u00e9cisions ponctuelles, au coup par coup ?&#8221;<\/p>\n<p style=\"text-align: justify;\">p. 132 ; le secret de la r\u00e9ussite japonaise ; &#8220;savoir accepter et g\u00e9rer les conflits plut\u00f4t que de chercher \u00e0 les \u00e9liminer par des solutions artificielles.&#8221;<\/p>\n<p style=\"text-align: justify;\">p. 150 ; perversion de la pens\u00e9e m\u00e9canistique ; &#8220;Parfois aussi les analogies ou les id\u00e9ologies repoussent trop loin les bornes de la pens\u00e9e. La sociobiologie a aussi tent\u00e9 de r\u00e9duire les comportements humains aux m\u00e9canismes \u00e9volutifs de quelques &#8220;g\u00e8nes \u00e9go\u00efstes&#8221;, justifiant ainsi les pires des in\u00e9galit\u00e9s, les pires des intransigeances.&#8221;<\/p>\n<p style=\"text-align: justify;\">p. 151 ; &#8220;L&#8217;\u00e9poque dans laquelle nous entrons est marqu\u00e9e par la r\u00e9volution informationnelle, et la &#8220;d\u00e9mat\u00e9rialisation&#8221; de l&#8217;\u00e9conomie.&#8221;<\/p>\n<p style=\"text-align: justify;\">p. 154 ; &#8220;Alors qu&#8217;on sortait \u00e0 peine du fixisme, Teilhard d\u00e9crit dans son ouvrage de base, Le Ph\u00e9nom\u00e8ne humain , ce qu&#8217;il appelle la &#8220;cosmog\u00e9n\u00e8se&#8221;, d\u00e9rive universelle incluant dans un m\u00eame mouvement la mati\u00e8re, la vie, les soci\u00e9t\u00e9s humaines.&#8221;<\/p>\n<p style=\"text-align: justify;\">p. 156 ; &#8220;En septembre 1838, quelque temps apr\u00e8s son retour du voyage sur le Beagle, Darwin lit le livre de Thomas Robert Malthus publi\u00e9 en 1798 : Essai sur le principe de population.&#8221;<\/p>\n<p style=\"text-align: justify;\">p. 157 ; &#8220;La p\u00e9riode 1855-1865 est d\u00e9terminante dans l&#8217;histoire des sciences et de la philosophie. Elle marque le v\u00e9ritable d\u00e9but du XX\u00e8me si\u00e8cle. A l&#8217;\u00e9poque o\u00f9 Darwin publie De l&#8217;origine des esp\u00e8ces (1859), Louis Pasteur s&#8217;oppose \u00e0 F\u00e9lix Pouchet sur la g\u00e9n\u00e9ration spontan\u00e9e, tandis que Karl Marx publie Contribution \u00e0 la critique de l&#8217;\u00e9conomie politique. Pratiquement \u00e0 la m\u00eame date, en 1865, \u00e0 la suite des travaux de Sadi Carnot, Rudolf Clausius propose la notion d&#8217;entropie, forme d&#8217;\u00e9nergie d\u00e9grad\u00e9e, annon\u00e7ant la fin inexorable de l&#8217;univers, sa mort \u00e9nerg\u00e9tique.&#8221;<\/p>\n<p style=\"text-align: justify;\">p. 160 ; &#8220;C&#8217;est entrevoir aussi la face cach\u00e9e d&#8217;un monde en gestation, laborieuse et imparfaite machine, si diff\u00e9rente des m\u00e9canismes bien agenc\u00e9s de l&#8217;univers froid et distant que nous avait l\u00e9gu\u00e9 le XIX\u00e8me si\u00e8cle. A force, en effet, de ne consid\u00e9rer que le concept, l&#8217;organisation, le syst\u00e8me, nous avions construit un monde vide, \u00e9tranger \u00e0 l&#8217;homme, peupl\u00e9 \u00e7a et l\u00e0 d&#8217;objets disjoints. La physique se trouvait \u00e0 l&#8217;aise dans le domaine des gaz parfaits et des \u00e9coulements laminaires. L&#8217;\u00e9conomie, dans celui de la concurrence pure et parfaite<\/p>\n<p style=\"text-align: justify;\">(&#8230;) * Michel Serres, Gen\u00e8se, Grasset, 1981 &#8220;<\/p>\n<p style=\"text-align: justify;\">p. 161 ; Serres, ce qu&#8217;est le monde ; &#8220;&#8221;L&#8217;univers est un m\u00e9lange de noyaux durs et de nu\u00e9es, d&#8217;archipels et de mers, d&#8217;\u00e9clats et d&#8217;occultations, de messages et de bruits (&#8230;) Le bruit de fond est permanent, il est le fond du monde, le fond noir de l&#8217;univers, il est le fond de l&#8217;\u00eatre, peut-\u00eatre.&#8221;&#8221;<\/p>\n<p style=\"text-align: justify;\">p. 163 ; &#8220;Un livre d&#8217;Andr\u00e9 Lwoff est un \u00e9v\u00e9nement: Depuis L&#8217;Ordre biologique, livre scientifique publi\u00e9 en 1969 *, Andr\u00e9 Lwoff ne nous avait pas encore fait l&#8217;honneur d&#8217;un nouvel ouvrage.<\/p>\n<p style=\"text-align: justify;\">Dans Jeux et Combats *, Andr\u00e9 Lwoff jette un autre regard sur la science, la soci\u00e9t\u00e9, les grandes valeurs.<\/p>\n<p style=\"text-align: justify;\">* Chez Robert Laffont. Aujourd&#8217;hui \u00e9puis\u00e9.<\/p>\n<p style=\"text-align: justify;\">* Chez Fayard. &#8220;<\/p>\n<p style=\"text-align: justify;\">p. 164 , &#8220;Toute sa vie, \u00e0 c\u00f4t\u00e9 du grand jeu de la recherche, Andr\u00e9 Lwoff a men\u00e9 le grand combat pour les valeurs. Un combat pour les valeurs plus que pour les &#8220;id\u00e9es&#8221;, car Andr\u00e9 Lwoff se m\u00e9fie des id\u00e9es. La science, pour lui, n&#8217;est pas &#8220;dangereuse&#8221;. Ce qui l&#8217;est, ce sont les id\u00e9es, et surtout ce qui en d\u00e9coule : les guerres, le fanatisme, l&#8217;intol\u00e9rance, les purges staliniennes, le massacre des juifs. Dans une r\u00e9cente interview, il rappelait, \u00e0 ce sujet, une citation de Julien Benda : &#8220;Ce ne sont pas les id\u00e9es qui provoquent les sentiments mais, au contraire, les sentiments qui provoquent les id\u00e9es ; ce n&#8217;est pas l&#8217;antis\u00e9mitisme qui provoque la haine mais, au contraire, la haine sans objet ou le besoin de ha\u00efr qui se jette sur une id\u00e9e d&#8217;objet ha\u00efssable, qu&#8217;elle trouve toute faite dans le commerce.&#8221;<\/p>\n","protected":false},"excerpt":{"rendered":"<p>Jo\u00ebl de Rosnay, Les chemins de la vie, Le Seuil, 1983 &#8220;Ce livre pr\u00e9sente une peinture impressionniste de la soci\u00e9t\u00e9 technologique, de ses d\u00e9veloppements et de ses implications.&#8221; L&#8217;auteur a \u00e9tudi\u00e9 et enseign\u00e9 \u00e0 M.I.T. , a travaill\u00e9 \u00e0 l&#8217;Institut Pasteur. Il a \u00e9galement \u00e9crit le Macroscope, la Malbouffe, les\u2026 <a class=\"continue-reading-link\" href=\"https:\/\/archipress.org\/?p=1092\">Lire plus \/ Read more<\/a><\/p>\n","protected":false},"author":1,"featured_media":1182,"comment_status":"closed","ping_status":"closed","sticky":false,"template":"","format":"standard","meta":{"footnotes":""},"categories":[],"tags":[],"class_list":["post-1092","post","type-post","status-publish","format-standard","has-post-thumbnail","hentry"],"_links":{"self":[{"href":"https:\/\/archipress.org\/index.php?rest_route=\/wp\/v2\/posts\/1092","targetHints":{"allow":["GET"]}}],"collection":[{"href":"https:\/\/archipress.org\/index.php?rest_route=\/wp\/v2\/posts"}],"about":[{"href":"https:\/\/archipress.org\/index.php?rest_route=\/wp\/v2\/types\/post"}],"author":[{"embeddable":true,"href":"https:\/\/archipress.org\/index.php?rest_route=\/wp\/v2\/users\/1"}],"replies":[{"embeddable":true,"href":"https:\/\/archipress.org\/index.php?rest_route=%2Fwp%2Fv2%2Fcomments&post=1092"}],"version-history":[{"count":1,"href":"https:\/\/archipress.org\/index.php?rest_route=\/wp\/v2\/posts\/1092\/revisions"}],"predecessor-version":[{"id":2621,"href":"https:\/\/archipress.org\/index.php?rest_route=\/wp\/v2\/posts\/1092\/revisions\/2621"}],"wp:featuredmedia":[{"embeddable":true,"href":"https:\/\/archipress.org\/index.php?rest_route=\/"}],"wp:attachment":[{"href":"https:\/\/archipress.org\/index.php?rest_route=%2Fwp%2Fv2%2Fmedia&parent=1092"}],"wp:term":[{"taxonomy":"category","embeddable":true,"href":"https:\/\/archipress.org\/index.php?rest_route=%2Fwp%2Fv2%2Fcategories&post=1092"},{"taxonomy":"post_tag","embeddable":true,"href":"https:\/\/archipress.org\/index.php?rest_route=%2Fwp%2Fv2%2Ftags&post=1092"}],"curies":[{"name":"wp","href":"https:\/\/api.w.org\/{rel}","templated":true}]}}