{"id":1165,"date":"2015-01-15T19:54:13","date_gmt":"2015-01-15T18:54:13","guid":{"rendered":"https:\/\/archipress.org\/wp\/?page_id=1165"},"modified":"2026-05-02T08:24:43","modified_gmt":"2026-05-02T07:24:43","slug":"veda-dun-physicien","status":"publish","type":"post","link":"https:\/\/archipress.org\/?p=1165","title":{"rendered":"Veda d&#8217;un Physicien"},"content":{"rendered":"<h3 align=\"center\"><strong>Ma conception du monde,<br \/>\nle Veda d&#8217;un Physicien<\/strong><\/h3>\n<p align=\"center\"><strong>Erwin Schr\u00f6dinger (Paris, Le Mail, 1982)<\/strong><\/p>\n<p style=\"text-align: justify;\" align=\"justify\">&#8220;Prix Nobel de physique, l&#8217;Autrichien Erwin Schr\u00f6dinger a \u00e9t\u00e9 avec Louis de Broglie, Niels Bohr et Werner Heisenberg, l&#8217;un des fondateurs de la m\u00e9canique quantique. Et l&#8217;on sait quelle r\u00e9volution radicale elle a introduit dans le champ de la pens\u00e9e scientifique du XX\u00e8me si\u00e8cle. La description de la r\u00e9alit\u00e9 par la physique quantique remet en effet totalement en question les philosophies mat\u00e9rialistes ou &#8220;rationalistes&#8221; classiques, allant jusqu&#8217;\u00e0 obliger \u00e0 un changement de r\u00e9f\u00e9rence de tous nos cadres de r\u00e9flexion. Afin de pouvoir penser la discipline qu&#8217;il inventait alors, Erwin Schr\u00f6dinger allait \u00eatre pouss\u00e9 \u00e0 sortir de la philosophie occidentale et \u00e0 se tourner vers la m\u00e9taphysique indienne, en particulier vers les textes du Veda, pour y trouver le cadre de pens\u00e9e qui lui semblait le plus ad\u00e9quat.&#8221;<\/p>\n<p style=\"text-align: justify;\" align=\"justify\"><em><a href=\"https:\/\/archipress.org\/wp-content\/uploads\/2015\/01\/Vedaphysicien.jpg\"><img loading=\"lazy\" decoding=\"async\" class=\"  wp-image-1176 alignleft\" src=\"https:\/\/archipress.org\/wp-content\/uploads\/2015\/01\/Vedaphysicien.jpg\" alt=\"Veda d'un physicien\" width=\"213\" height=\"318\" \/><\/a>Extraits significatifs ;<br \/>\n<\/em><br \/>\np. 15 ; &#8220;Il s&#8217;av\u00e8re en effet beaucoup plus difficile de rendre compr\u00e9hensible, de pr\u00e9senter rationnellement, ne serait-ce que le domaine sp\u00e9cialis\u00e9 le plus restreint de n&#8217;importe quelle branche des sciences, si on en retire toute m\u00e9taphysique.&#8221;<\/p>\n<p style=\"text-align: justify;\">p. 16 ; &#8220;Une v\u00e9ritable suppression de la m\u00e9taphysique ferait de l&#8217;art et de la science des squelettes p\u00e9trifi\u00e9e, d\u00e9pourvus d&#8217;\u00e2me, incapable du moindre d\u00e9veloppement ult\u00e9rieur.&#8221;<\/p>\n<p style=\"text-align: justify;\">p. 17 ; &#8220;dresser successivement des barri\u00e8res pour limiter le r\u00f4le de la m\u00e9taphysique, dans la mesure o\u00f9 elle influe sur la description des faits tenus pour vrais dans divers domaines scientifiques ; mais la pr\u00e9server en m\u00eame temps en tant que soutien indispensable de notre connaissance g\u00e9n\u00e9rale aussi bien que particuli\u00e8re. L&#8217;apparente contradiction de cette formule constitue justement le probl\u00e8me \u00e0 r\u00e9soudre.<\/p>\n<p style=\"text-align: justify;\">On peut avoir recours \u00e0 une image, en disant que nous avan\u00e7ons sur le chemin de la connaissance et qu&#8217;il faut nous laisser guider par la main invisible de la m\u00e9taphysique qui se tend vers nous comme sortant du brouillard&#8221;<\/p>\n<p style=\"text-align: justify;\">p. 19 ; &#8220;Cet &#8220;\u00e9l\u00e9phantiasis&#8221; partiel a fait n\u00e9gliger les autres orientations du d\u00e9veloppement de la culture, de la connaissance, de la pens\u00e9e occidentale ou appelez cela comme vous voudrez, et il a permis une d\u00e9cadence plus forte que jamais auparavant.&#8221;<\/p>\n<p style=\"text-align: justify;\">p. 20 ; &#8220;l&#8217;\u00c9glise n&#8217;est plus qu&#8217;un parti politique, et la morale ne constitue rien d&#8217;autre qu&#8217;une restriction un peu g\u00eanante qui s&#8217;effondre \u00e0 son tour, une fois priv\u00e9e du soutien qui lui fut longtemps apport\u00e9 par la croyance en des \u00e9pouvantails devenus d\u00e9sormais inacceptables. Un atavisme g\u00e9n\u00e9ral semble s&#8217;\u00eatre pour ainsi dire manifest\u00e9. L&#8217;homme occidental menace de retomber \u00e0 un niveau ant\u00e9rieur de d\u00e9veloppement qu&#8217;il n&#8217;aurait jamais totalement surmont\u00e9: l&#8217;\u00e9go\u00efsme brutal l\u00e8ve sa face grima\u00e7ante et tend sa poigne implacable, endurcie par la vieille habitude ancestrale, vers la barre du navire en d\u00e9rive.&#8221;<\/p>\n<p style=\"text-align: justify;\">p. 26 ; &#8220;il y a eu des philosophes grandement renomm\u00e9s -comme Schopenhauer- qui ont d\u00e9clar\u00e9 que notre monde \u00e9tait extr\u00eamement mal fait et triste, et d&#8217;autres -comme Leibniz- qui l&#8217;ont trouv\u00e9 le meilleur des mondes possibles.&#8221;<\/p>\n<p style=\"text-align: justify;\">p. 27 ; &#8220;l&#8217;existence de ces relations nous ram\u00e8ne toujours vers la m\u00e9taphysique, c&#8217;est-\u00e0-dire vers quelque chose qui transcende ce qui est directement perceptible&#8221;<\/p>\n<p style=\"text-align: justify;\">p. 54 ; &#8220;Il est fort curieux que la philosophie occidentale, qui a presque universellement accept\u00e9 l&#8217;id\u00e9e que la mort de l&#8217;individu ne met aucunement fin \u00e0 quoi que ce soit d&#8217;essentiel de la vie, ait \u00e0 peine honor\u00e9 d&#8217;une pens\u00e9e (except\u00e9 chez Platon et Shopenhauer) cette autre id\u00e9e bien plus profonde et plus intimement joyeuse, et qui logiquement va de pair avec elle : l&#8217;id\u00e9e qu&#8217;il en est de m\u00eame pour la <em>naissance <\/em>de l&#8217;individu ; que je ne suis pas cr\u00e9\u00e9 pour la premi\u00e8re fois, mais que je suis progressivement r\u00e9veill\u00e9 d&#8217;un profond sommeil. Alors mes espoirs et mes aspirations, mes peurs et mes soucis peuvent m&#8217;appara\u00eetre comme \u00e9tant<em>les <\/em>m\u00eames que ceux de milliers d&#8217;humains qui ont v\u00e9cu avant moi. Et je peux esp\u00e9rer que ce que j&#8217;ai implor\u00e9 pour la premi\u00e8re fois il y a des si\u00e8cles pourra m&#8217;\u00eatre accord\u00e9 dans quelques centaines d&#8217;ann\u00e9es. Aucune pens\u00e9e ne peut germer en moi qui ne soit le prolongement de la pens\u00e9e d&#8217;un anc\u00eatre ; il n&#8217;y a pas en r\u00e9alit\u00e9 de nouveau germe (de pens\u00e9e), il y a l&#8217;\u00e9closion pr\u00e9d\u00e9termin\u00e9e d&#8217;un bourgeon sur l&#8217;arbre antique et sacr\u00e9 de la vie.<br \/>\nJe sais tr\u00e8s bien que la plupart de mes lecteurs, en d\u00e9pit de Schopenhauer et des <em>Upanishads<\/em>, prendront ce que je viens de dire pour une m\u00e9taphore plaisante et ad\u00e9quate, et refuseront d&#8217;accepter \u00e0 la lettre l&#8217;axiome que toute conscience est <em>Une<\/em> par essence.&#8221;<\/p>\n<p style=\"text-align: justify;\">p. 55 ; &#8220;Quoiqu&#8217;il en soit, appliquer l&#8217;arithm\u00e9tique \u00e0 ces choses-l\u00e0 s&#8217;av\u00e8re pour le moins douteux.&#8221;<\/p>\n<p style=\"text-align: justify;\">Extraits de <em>Ma conception du monde, le Veda d&#8217;un Physicien<\/em> par Erwin Schr\u00f6dinger (Paris, Le Mail, 1982).<\/p>\n","protected":false},"excerpt":{"rendered":"<p>Ma conception du monde, le Veda d&#8217;un Physicien Erwin Schr\u00f6dinger (Paris, Le Mail, 1982) &#8220;Prix Nobel de physique, l&#8217;Autrichien Erwin Schr\u00f6dinger a \u00e9t\u00e9 avec Louis de Broglie, Niels Bohr et Werner Heisenberg, l&#8217;un des fondateurs de la m\u00e9canique quantique. Et l&#8217;on sait quelle r\u00e9volution radicale elle a introduit dans le\u2026 <a class=\"continue-reading-link\" href=\"https:\/\/archipress.org\/?p=1165\">Lire plus \/ Read more<\/a><\/p>\n","protected":false},"author":1,"featured_media":1176,"comment_status":"closed","ping_status":"closed","sticky":false,"template":"","format":"standard","meta":{"footnotes":""},"categories":[],"tags":[],"class_list":["post-1165","post","type-post","status-publish","format-standard","has-post-thumbnail","hentry"],"_links":{"self":[{"href":"https:\/\/archipress.org\/index.php?rest_route=\/wp\/v2\/posts\/1165","targetHints":{"allow":["GET"]}}],"collection":[{"href":"https:\/\/archipress.org\/index.php?rest_route=\/wp\/v2\/posts"}],"about":[{"href":"https:\/\/archipress.org\/index.php?rest_route=\/wp\/v2\/types\/post"}],"author":[{"embeddable":true,"href":"https:\/\/archipress.org\/index.php?rest_route=\/wp\/v2\/users\/1"}],"replies":[{"embeddable":true,"href":"https:\/\/archipress.org\/index.php?rest_route=%2Fwp%2Fv2%2Fcomments&post=1165"}],"version-history":[{"count":1,"href":"https:\/\/archipress.org\/index.php?rest_route=\/wp\/v2\/posts\/1165\/revisions"}],"predecessor-version":[{"id":2609,"href":"https:\/\/archipress.org\/index.php?rest_route=\/wp\/v2\/posts\/1165\/revisions\/2609"}],"wp:featuredmedia":[{"embeddable":true,"href":"https:\/\/archipress.org\/index.php?rest_route=\/"}],"wp:attachment":[{"href":"https:\/\/archipress.org\/index.php?rest_route=%2Fwp%2Fv2%2Fmedia&parent=1165"}],"wp:term":[{"taxonomy":"category","embeddable":true,"href":"https:\/\/archipress.org\/index.php?rest_route=%2Fwp%2Fv2%2Fcategories&post=1165"},{"taxonomy":"post_tag","embeddable":true,"href":"https:\/\/archipress.org\/index.php?rest_route=%2Fwp%2Fv2%2Ftags&post=1165"}],"curies":[{"name":"wp","href":"https:\/\/api.w.org\/{rel}","templated":true}]}}