{"id":157,"date":"2014-12-29T16:13:50","date_gmt":"2014-12-29T15:13:50","guid":{"rendered":"https:\/\/archipress.org\/wp\/?page_id=157"},"modified":"2026-05-02T08:26:00","modified_gmt":"2026-05-02T07:26:00","slug":"secularisation-et-citoyennete-en-islam-le-colloque-de-geneve","status":"publish","type":"post","link":"https:\/\/archipress.org\/?p=157","title":{"rendered":"S\u00e9cularisation et citoyennet\u00e9 en islam. Le Colloque de Gen\u00e8ve"},"content":{"rendered":"<div align=\"center\"><a title=\"top\" href=\"http:\/\/www.asdeam.org\/\" target=\"_blank\" name=\"top\"><img loading=\"lazy\" decoding=\"async\" src=\"http:\/\/f.hypotheses.org\/wp-content\/blogs.dir\/1085\/files\/2013\/04\/ASDEAM-300x89.jpeg\" alt=\"ASDEAM\" width=\"156\" height=\"46\" \/><\/a><a title=\"Institut de hautes \u00e9tudes internationales et du d\u00e9veloppement (IHEID) \/ Graduate Institute of International and Development Studies\" href=\"http:\/\/graduateinstitute.ch\/\" target=\"_blank\"><img loading=\"lazy\" decoding=\"async\" src=\"http:\/\/f.hypotheses.org\/wp-content\/blogs.dir\/1085\/files\/2013\/04\/iheid.jpg\" alt=\"iheid\" width=\"253\" height=\"50\" \/><\/a><\/div>\n<div><b><br \/>\n<\/b><\/p>\n<p align=\"center\"><b>RELIGION ET ETAT:<br \/>\nLOGIQUES DE LA SECULARISATION ET DE LA CITOYENNETE EN ISLAM<\/b><\/p>\n<p>[<b><b><b><b>\u00a0<\/b><a href=\"http:\/\/iqbal.hypotheses.org\/1010#argumentaire\">Argumentaire<\/a><\/b>\u00a0\/\u00a0<b><a href=\"http:\/\/iqbal.hypotheses.org\/1010#abstract\">Abstract in English<\/a><\/b>\u00a0\/\u00a0<b><a href=\"http:\/\/iqbal.hypotheses.org\/1010#participants\">Participants<\/a><\/b>\u00a0\/\u00a0<b><a href=\"http:\/\/iqbal.hypotheses.org\/1010#programme\">Interventions (video) et d\u00e9bats (audio)<\/a><\/b><\/b><\/b>]<\/p>\n<p><b><b><img loading=\"lazy\" decoding=\"async\" class=\"wp-image-1414 aligncenter\" src=\"http:\/\/f.hypotheses.org\/wp-content\/blogs.dir\/1085\/files\/2013\/07\/UN_Geneva_BrokenChair.jpg\" alt=\"UN Geneva Broken Chair\" width=\"173\" height=\"230\" \/><\/b><\/b><\/p>\n<p align=\"center\"><b>Colloque international<\/b><\/p>\n<p align=\"justify\">6, 7 et 8 Juin 2013 \u00e0 l\u2019Institut de hautes \u00e9tudes internationales et du d\u00e9veloppement (IHEID)<\/p>\n<div align=\"justify\">organis\u00e9 par le\u00a0<i>Centre on Conflict, Development and Peacebuilding\u00a0<\/i>(CCDP-IHEID) et\u00a0l\u2019<i>Association suisse pour le dialogue euro-arabo-musulman<\/i><i>\u00a0<\/i>(ASDEAM),\u00a0en collaboration avec\u00a0le\u00a0<i>Centre de politique de s\u00e9curit\u00e9 Gen\u00e8ve<\/i>\u00a0(GCSP) et le\u00a0<i>Centre Jacques Berque <\/i>de Rabat.<\/div>\n<p><a title=\"Centre de politique de s\u00e9curit\u00e9, Gen\u00e8ve (GCSP) \/ Geneva Centre for Security Policy (GCSP)\" href=\"http:\/\/gcsp.ch\/\" target=\"_blank\"><img loading=\"lazy\" decoding=\"async\" src=\"http:\/\/f.hypotheses.org\/wp-content\/blogs.dir\/1085\/files\/2013\/04\/gcsp.jpg\" alt=\"gcsp\" width=\"204\" height=\"46\" \/><\/a>\u00a0\u00a0<a title=\"Centre Jacques Berque pour les Etudes en Sciences Humaines et Sociales au Maroc (CJB)\" href=\"http:\/\/www.cjb.ma\/\" target=\"_blank\"><img loading=\"lazy\" decoding=\"async\" class=\"alignleft\" src=\"http:\/\/f.hypotheses.org\/wp-content\/blogs.dir\/1085\/files\/2013\/04\/cjb.jpg\" alt=\"cjb\" width=\"340\" height=\"47\" \/><\/a><\/p>\n<\/div>\n","protected":false},"excerpt":{"rendered":"<p>RELIGION ET ETAT: LOGIQUES DE LA SECULARISATION ET DE LA CITOYENNETE EN ISLAM [\u00a0Argumentaire\u00a0\/\u00a0Abstract in English\u00a0\/\u00a0Participants\u00a0\/\u00a0Interventions (video) et d\u00e9bats (audio)] Colloque international 6, 7 et 8 Juin 2013 \u00e0 l\u2019Institut de hautes \u00e9tudes internationales et du d\u00e9veloppement (IHEID) organis\u00e9 par le\u00a0Centre on Conflict, Development and Peacebuilding\u00a0(CCDP-IHEID) et\u00a0l\u2019Association suisse pour le\u2026 <a class=\"continue-reading-link\" href=\"https:\/\/archipress.org\/?p=157\">Lire plus \/ Read more<\/a><\/p>\n","protected":false},"author":1,"featured_media":1418,"comment_status":"closed","ping_status":"closed","sticky":false,"template":"","format":"standard","meta":{"footnotes":""},"categories":[1],"tags":[],"class_list":["post-157","post","type-post","status-publish","format-standard","has-post-thumbnail","hentry","category-non-classe"],"_links":{"self":[{"href":"https:\/\/archipress.org\/index.php?rest_route=\/wp\/v2\/posts\/157","targetHints":{"allow":["GET"]}}],"collection":[{"href":"https:\/\/archipress.org\/index.php?rest_route=\/wp\/v2\/posts"}],"about":[{"href":"https:\/\/archipress.org\/index.php?rest_route=\/wp\/v2\/types\/post"}],"author":[{"embeddable":true,"href":"https:\/\/archipress.org\/index.php?rest_route=\/wp\/v2\/users\/1"}],"replies":[{"embeddable":true,"href":"https:\/\/archipress.org\/index.php?rest_route=%2Fwp%2Fv2%2Fcomments&post=157"}],"version-history":[{"count":1,"href":"https:\/\/archipress.org\/index.php?rest_route=\/wp\/v2\/posts\/157\/revisions"}],"predecessor-version":[{"id":2742,"href":"https:\/\/archipress.org\/index.php?rest_route=\/wp\/v2\/posts\/157\/revisions\/2742"}],"wp:featuredmedia":[{"embeddable":true,"href":"https:\/\/archipress.org\/index.php?rest_route=\/"}],"wp:attachment":[{"href":"https:\/\/archipress.org\/index.php?rest_route=%2Fwp%2Fv2%2Fmedia&parent=157"}],"wp:term":[{"taxonomy":"category","embeddable":true,"href":"https:\/\/archipress.org\/index.php?rest_route=%2Fwp%2Fv2%2Fcategories&post=157"},{"taxonomy":"post_tag","embeddable":true,"href":"https:\/\/archipress.org\/index.php?rest_route=%2Fwp%2Fv2%2Ftags&post=157"}],"curies":[{"name":"wp","href":"https:\/\/api.w.org\/{rel}","templated":true}]}}