{"id":1661,"date":"2015-01-21T09:04:25","date_gmt":"2015-01-21T08:04:25","guid":{"rendered":"https:\/\/archipress.org\/?page_id=1661"},"modified":"2026-05-02T08:24:38","modified_gmt":"2026-05-02T07:24:38","slug":"1661-2","status":"publish","type":"post","link":"https:\/\/archipress.org\/?p=1661","title":{"rendered":"Relation \u00e0 la Biblioth\u00e8que, rapport au livre"},"content":{"rendered":"<h3>La relation \u00e0 la Biblioth\u00e8que\u00a0et\u00a0le rapport au Livre\u00a0de\u00a0Bruno Pinchard<\/h3>\n<div class=\"meta\"><\/div>\n<div class=\"entry\">\n<p><strong><br \/>\nBruno Pinchard<\/strong>\u00a0est philosophe, professeur et directeur de l\u2019\u00e9cole doctorale de philosophie \u00e0 l\u2019universit\u00e9 de Lyon.<\/p>\n<p style=\"text-align: justify;\">Italianiste, sp\u00e9cialiste de l\u201fhistoire de l\u201fhumanisme, il a\u00a0consacr\u00e9 son travail de philosophe aux mythes qui gouvernent notre\u00a0temps et aux formes nouvelles d\u201fanthropologisation qu\u2019ils supposent. \u00a0Il est l\u2019auteur notamment de\u00a0<em>Marx \u00e0 rebours<\/em>\u00a0(Paris, Kim\u00e9, 2014),\u00a0<em>M\u00e9taphysique de la destruction<\/em>\u00a0(Biblioth\u00e8que philosophique de Louvain n\u00b0 86, Peeters, 2012),\u00a0<em>Philosophie \u00e0 outrance,\u00a0<i>\u00a0cinq essais de m\u00e9taphysique contemporaine<\/i><\/em>\u00a0(Bruxelles, EME, 2010),\u00a0<em>Le b\u00fbcher de B\u00e9atrice, essai sur Dante<\/em>\u00a0(Paris, Aubier, 1996),\u00a0La Raison d\u00e9doubl\u00e9e, La fabbrica della mente (Aubier, Paris, 1992),\u00a0<em>Le Noeud de la Col\u00e8re, la fonction de la po\u00e9sie selon J\u00e9r\u00f4me Savonarole (<\/em>Lausanne, L\u2019Age\u00a0d\u2019Homme, 1989),\u00a0\u00a0<em>M\u00e9taphysique et S\u00e9mantique : autour de Caj\u00e9tan (<\/em>Paris, Vrin, 1987).<\/p>\n<p>Quelques articles en ligne de Bruno Pinchard :<\/p>\n<ul>\n<li><a href=\"http:\/\/facdephilo.univ-lyon3.fr\/servlet\/com.univ.collaboratif.utils.LectureFichiergw?ID_FICHIER=1287570601157\">Polyphonie du d\u00e9sordre<br \/>\n<\/a>(r\u00e9flexions r\u00e9centes sur la question du mal)<\/li>\n<li><a href=\"http:\/\/facdephilo.univ-lyon3.fr\/servlet\/com.univ.collaboratif.utils.LectureFichiergw?ID_FICHIER=1287583010118\">Bifurcations et germinations : Le possible entre contingence et providence<br \/>\n<\/a>(poursuivant la r\u00e9flexion sur Leibniz, le texte constitue le chapitre suivant de &#8220;Polyphonie du d\u00e9sordre&#8221;)<\/li>\n<li><a href=\"http:\/\/facdephilo.univ-lyon3.fr\/servlet\/com.univ.collaboratif.utils.LectureFichiergw?ID_FICHIER=1290098728956\">Qui a peur de la Roumanie ?<\/a><br \/>\n(quelques principes pour comprendre la nouvelle Europe)<\/li>\n<li><a href=\"http:\/\/facdephilo.univ-lyon3.fr\/servlet\/com.univ.collaboratif.utils.LectureFichiergw?ID_FICHIER=1290696666953\">Actions c\u00e9lestes, contemplations infernales<\/a><\/li>\n<\/ul>\n<p><iframe loading=\"lazy\" src=\"http:\/\/www.youtube.com\/embed\/OC8kvpCCAIk?rel=0\" width=\"640\" height=\"480\"><\/iframe><\/p>\n<\/div>\n","protected":false},"excerpt":{"rendered":"<p>La relation \u00e0 la Biblioth\u00e8que\u00a0et\u00a0le rapport au Livre\u00a0de\u00a0Bruno Pinchard Bruno Pinchard\u00a0est philosophe, professeur et directeur de l\u2019\u00e9cole doctorale de philosophie \u00e0 l\u2019universit\u00e9 de Lyon. Italianiste, sp\u00e9cialiste de l\u201fhistoire de l\u201fhumanisme, il a\u00a0consacr\u00e9 son travail de philosophe aux mythes qui gouvernent notre\u00a0temps et aux formes nouvelles d\u201fanthropologisation qu\u2019ils supposent. \u00a0Il est\u2026 <a class=\"continue-reading-link\" href=\"https:\/\/archipress.org\/?p=1661\">Lire plus \/ Read more<\/a><\/p>\n","protected":false},"author":1,"featured_media":1662,"comment_status":"closed","ping_status":"closed","sticky":false,"template":"","format":"standard","meta":{"footnotes":""},"categories":[1],"tags":[],"class_list":["post-1661","post","type-post","status-publish","format-standard","has-post-thumbnail","hentry","category-non-classe"],"_links":{"self":[{"href":"https:\/\/archipress.org\/index.php?rest_route=\/wp\/v2\/posts\/1661","targetHints":{"allow":["GET"]}}],"collection":[{"href":"https:\/\/archipress.org\/index.php?rest_route=\/wp\/v2\/posts"}],"about":[{"href":"https:\/\/archipress.org\/index.php?rest_route=\/wp\/v2\/types\/post"}],"author":[{"embeddable":true,"href":"https:\/\/archipress.org\/index.php?rest_route=\/wp\/v2\/users\/1"}],"replies":[{"embeddable":true,"href":"https:\/\/archipress.org\/index.php?rest_route=%2Fwp%2Fv2%2Fcomments&post=1661"}],"version-history":[{"count":1,"href":"https:\/\/archipress.org\/index.php?rest_route=\/wp\/v2\/posts\/1661\/revisions"}],"predecessor-version":[{"id":2602,"href":"https:\/\/archipress.org\/index.php?rest_route=\/wp\/v2\/posts\/1661\/revisions\/2602"}],"wp:featuredmedia":[{"embeddable":true,"href":"https:\/\/archipress.org\/index.php?rest_route=\/"}],"wp:attachment":[{"href":"https:\/\/archipress.org\/index.php?rest_route=%2Fwp%2Fv2%2Fmedia&parent=1661"}],"wp:term":[{"taxonomy":"category","embeddable":true,"href":"https:\/\/archipress.org\/index.php?rest_route=%2Fwp%2Fv2%2Fcategories&post=1661"},{"taxonomy":"post_tag","embeddable":true,"href":"https:\/\/archipress.org\/index.php?rest_route=%2Fwp%2Fv2%2Ftags&post=1661"}],"curies":[{"name":"wp","href":"https:\/\/api.w.org\/{rel}","templated":true}]}}