{"id":1669,"date":"2015-01-21T22:15:22","date_gmt":"2015-01-21T21:15:22","guid":{"rendered":"https:\/\/archipress.org\/?page_id=1669"},"modified":"2026-05-02T08:24:37","modified_gmt":"2026-05-02T07:24:37","slug":"un-humaniste-pour-le-xxie-siecle","status":"publish","type":"post","link":"https:\/\/archipress.org\/?p=1669","title":{"rendered":"Un humaniste pour le XXIe si\u00e8cle"},"content":{"rendered":"<h3><a href=\"https:\/\/archipress.org\/wp-content\/uploads\/2015\/01\/Colloque_EmirAbdelkader_DroitHumanitaireInt-210x3002.jpg\"><img loading=\"lazy\" decoding=\"async\" class=\" size-full wp-image-1667 alignleft\" src=\"https:\/\/archipress.org\/wp-content\/uploads\/2015\/01\/Colloque_EmirAbdelkader_DroitHumanitaireInt-210x3002.jpg\" alt=\"Colloque_EmirAbdelkader_DroitHumanitaireInt-210x300[2]\" width=\"210\" height=\"300\" \/><\/a>Eclair et fulgurance. L&#8217;Emir Abdelkader, un humaniste pour le XXIe si\u00e8cle<br \/>\npar R\u00e9da Benkirane<\/h3>\n<p>Actes du Colloque d&#8217;Alger, 28-30 mai 2013<\/p>\n<p>L&#8217;\u00c9mir Abdelkader et le Droit International Humanitaire<br \/>\nAlger, 27-30 mai 2013, Comit\u00e9 International de la Croix-Rouge (CICR) &#8211; Fondation \u00c9mir Abdelkader<\/p>\n<p>&nbsp;<\/p>\n<p>&nbsp;<\/p>\n<p>&nbsp;<\/p>\n<p><iframe loading=\"lazy\" id=\"doc_81977\" class=\"scribd_iframe_embed\" src=\"https:\/\/www.scribd.com\/embeds\/253443189\/content?start_page=1&amp;view_mode=scroll&amp;access_key=key-f90cAC0xDFcgCDGTdFIP&amp;show_recommendations=false\" width=\"750\" height=\"1000\" frameborder=\"0\" scrolling=\"no\" data-auto-height=\"false\" data-aspect-ratio=\"0.7052384675527756\"><\/iframe><\/p>\n","protected":false},"excerpt":{"rendered":"<p>Eclair et fulgurance. L&#8217;Emir Abdelkader, un humaniste pour le XXIe si\u00e8cle par R\u00e9da Benkirane Actes du Colloque d&#8217;Alger, 28-30 mai 2013 L&#8217;\u00c9mir Abdelkader et le Droit International Humanitaire Alger, 27-30 mai 2013, Comit\u00e9 International de la Croix-Rouge (CICR) &#8211; Fondation \u00c9mir Abdelkader &nbsp; &nbsp; &nbsp; <a class=\"continue-reading-link\" href=\"https:\/\/archipress.org\/?p=1669\">Lire plus \/ Read more<\/a><\/p>\n","protected":false},"author":1,"featured_media":1667,"comment_status":"closed","ping_status":"closed","sticky":false,"template":"","format":"standard","meta":{"footnotes":""},"categories":[1],"tags":[],"class_list":["post-1669","post","type-post","status-publish","format-standard","has-post-thumbnail","hentry","category-non-classe"],"_links":{"self":[{"href":"https:\/\/archipress.org\/index.php?rest_route=\/wp\/v2\/posts\/1669","targetHints":{"allow":["GET"]}}],"collection":[{"href":"https:\/\/archipress.org\/index.php?rest_route=\/wp\/v2\/posts"}],"about":[{"href":"https:\/\/archipress.org\/index.php?rest_route=\/wp\/v2\/types\/post"}],"author":[{"embeddable":true,"href":"https:\/\/archipress.org\/index.php?rest_route=\/wp\/v2\/users\/1"}],"replies":[{"embeddable":true,"href":"https:\/\/archipress.org\/index.php?rest_route=%2Fwp%2Fv2%2Fcomments&post=1669"}],"version-history":[{"count":1,"href":"https:\/\/archipress.org\/index.php?rest_route=\/wp\/v2\/posts\/1669\/revisions"}],"predecessor-version":[{"id":2600,"href":"https:\/\/archipress.org\/index.php?rest_route=\/wp\/v2\/posts\/1669\/revisions\/2600"}],"wp:featuredmedia":[{"embeddable":true,"href":"https:\/\/archipress.org\/index.php?rest_route=\/"}],"wp:attachment":[{"href":"https:\/\/archipress.org\/index.php?rest_route=%2Fwp%2Fv2%2Fmedia&parent=1669"}],"wp:term":[{"taxonomy":"category","embeddable":true,"href":"https:\/\/archipress.org\/index.php?rest_route=%2Fwp%2Fv2%2Fcategories&post=1669"},{"taxonomy":"post_tag","embeddable":true,"href":"https:\/\/archipress.org\/index.php?rest_route=%2Fwp%2Fv2%2Ftags&post=1669"}],"curies":[{"name":"wp","href":"https:\/\/api.w.org\/{rel}","templated":true}]}}