{"id":169,"date":"2014-12-29T16:50:51","date_gmt":"2014-12-29T15:50:51","guid":{"rendered":"https:\/\/archipress.org\/wp\/?page_id=169"},"modified":"2026-05-02T08:16:12","modified_gmt":"2026-05-02T07:16:12","slug":"3d-journal-transdisciplinaire-egypte-et-le-monde-arabe","status":"publish","type":"post","link":"https:\/\/archipress.org\/?p=169","title":{"rendered":"3D: journal transdisciplinaire: Egypte &#038; monde arabe"},"content":{"rendered":"<p><strong><\/strong><br \/>\nL\u2019Egypte et le monde arabe<br \/>\n\u00e9mission 3D, journal transdisciplinaire,<br \/>\nFrance Inter, St\u00e9phane Paoli, 6 f\u00e9vrier 2011<br \/>\nEcouter l\u2019\u00e9mission<br \/>\n<audio controls=\"controls\"><source src=\"https:\/\/archipress.org\/audio\/mp3\/Franceinter3D06022011.mp3\" type=\"audio\/mpeg\" \/>Your browser does not support the audio element.<\/audio><br \/>\n<strong>Jean Marcou<\/strong><br \/>\nprofesseur \u00e0 l\u2019Institut d\u2019Etudes Politiques de Grenoble. On lui doit notamment &#8220;L\u2019Egypte contemporaine&#8221;(Le Cavalier bleu, 2008) et &#8220;La Turquie \u00e0 l\u2019heure europ\u00e9enne&#8221;, avec Jean-Paul Burdy (Presses Universitaires de Grenoble, 2008)<br \/>\n<strong>Fabrice Balanche<\/strong><br \/>\nma\u00eetre de conf\u00e9rences \u00e0 l\u2019Universit\u00e9 de Lyon en g\u00e9ographie, et directeur du Groupe de Recherches et d\u2019Etudes sur la M\u00e9diterran\u00e9e et le Moyen-Orient, \u00e0 Lyon.<br \/>\n<strong>Hasni Abidi<\/strong><br \/>\ndirecteur du Centre d&#8217;\u00e9tudes et de recherche sur le monde arabe et m\u00e9diterran\u00e9en, \u00e0 Gen\u00e8ve.<br \/>\n<strong>R\u00e9da Benkirane<\/strong><br \/>\nsociologue et consultant aupr\u00e8s d\u2019organisations internationales \u00e0 Gen\u00e8ve, et animateur du portail de connaissance \u00ab archipress.org \u00bb. Il est \u00e9galement l&#8217;auteur, entre autres, de : &#8220;Le d\u00e9sarroi identitaire \u2013 Jeunesse, islamit\u00e9 et arabit\u00e9 contemporaines&#8221; (Editions du Cerf, 2004).<br \/>\n<img decoding=\"async\" style=\"display: block; margin: 0 auto; height: 200px;\" src=\"https:\/\/archipress.org\/wp-content\/plugins\/wp-latest-posts\/img\/wplp-tmce-placeholder.svg\" \/><br \/>\nPlease select a WP Latest Posts new block to activate the preview<\/p>\n","protected":false},"excerpt":{"rendered":"<p>L\u2019Egypte et le monde arabe \u00e9mission 3D, journal transdisciplinaire, France Inter, St\u00e9phane Paoli, 6 f\u00e9vrier 2011 Ecouter l\u2019\u00e9mission Your browser does not support the audio element. Jean Marcou professeur \u00e0 l\u2019Institut d\u2019Etudes Politiques de Grenoble. On lui doit notamment &#8220;L\u2019Egypte contemporaine&#8221;(Le Cavalier bleu, 2008) et &#8220;La Turquie \u00e0 l\u2019heure europ\u00e9enne&#8221;,\u2026 <a class=\"continue-reading-link\" href=\"https:\/\/archipress.org\/?p=169\">Lire plus \/ Read more<\/a><\/p>\n","protected":false},"author":1,"featured_media":0,"comment_status":"closed","ping_status":"closed","sticky":false,"template":"","format":"standard","meta":{"footnotes":""},"categories":[1],"tags":[81,200,231],"class_list":["post-169","post","type-post","status-publish","format-standard","hentry","category-non-classe","tag-egypte","tag-monde-arabe","tag-printemps-arabe"],"_links":{"self":[{"href":"https:\/\/archipress.org\/index.php?rest_route=\/wp\/v2\/posts\/169","targetHints":{"allow":["GET"]}}],"collection":[{"href":"https:\/\/archipress.org\/index.php?rest_route=\/wp\/v2\/posts"}],"about":[{"href":"https:\/\/archipress.org\/index.php?rest_route=\/wp\/v2\/types\/post"}],"author":[{"embeddable":true,"href":"https:\/\/archipress.org\/index.php?rest_route=\/wp\/v2\/users\/1"}],"replies":[{"embeddable":true,"href":"https:\/\/archipress.org\/index.php?rest_route=%2Fwp%2Fv2%2Fcomments&post=169"}],"version-history":[{"count":5,"href":"https:\/\/archipress.org\/index.php?rest_route=\/wp\/v2\/posts\/169\/revisions"}],"predecessor-version":[{"id":2584,"href":"https:\/\/archipress.org\/index.php?rest_route=\/wp\/v2\/posts\/169\/revisions\/2584"}],"wp:attachment":[{"href":"https:\/\/archipress.org\/index.php?rest_route=%2Fwp%2Fv2%2Fmedia&parent=169"}],"wp:term":[{"taxonomy":"category","embeddable":true,"href":"https:\/\/archipress.org\/index.php?rest_route=%2Fwp%2Fv2%2Fcategories&post=169"},{"taxonomy":"post_tag","embeddable":true,"href":"https:\/\/archipress.org\/index.php?rest_route=%2Fwp%2Fv2%2Ftags&post=169"}],"curies":[{"name":"wp","href":"https:\/\/api.w.org\/{rel}","templated":true}]}}