{"id":180,"date":"2014-12-29T20:21:45","date_gmt":"2014-12-29T19:21:45","guid":{"rendered":"https:\/\/archipress.org\/wp\/?page_id=180"},"modified":"2026-05-02T08:25:58","modified_gmt":"2026-05-02T07:25:58","slug":"mahdi-elmandjra-la-dimension-socio-culturelle-des-relations-nord-sud","status":"publish","type":"post","link":"https:\/\/archipress.org\/?p=180","title":{"rendered":"Mahdi Elmandjra: La dimension socio-culturelle des relations Nord-Sud"},"content":{"rendered":"<h3 align=\"center\">La dimension socio-culturelle des relations Nord-Sud<\/h3>\n<p><strong><span style=\"color: #800000; font-family: Arial;\">\u00a0<\/span><\/strong><\/p>\n<div align=\"left\"><strong>CONFERENCE-DEBAT\u00a0<\/strong><img loading=\"lazy\" decoding=\"async\" title=\"Mahdi Elmandjra\" src=\"https:\/\/archipress.org\/images\/elmandjra.gif\" alt=\" \" width=\"220\" height=\"157\" align=\"right\" border=\"0\" \/><\/div>\n<p>donn\u00e9e le 15 mai 1992 dans le cadre du s\u00e9minaire sociologie politique du Tiers Monde de Jean Ziegler (Institut Universitaire d&apos;Etudes du D\u00e9veloppement, Gen\u00e8ve)<\/p>\n<p>Ecouter la conf\u00e9rence, 1h28 mn<br \/>\n<audio controls><source src=\"https:\/\/archipress.org\/audio\/mp3\/elmandjra.mp3\" type=\"audio\/mpeg\">Your browser does not support audio playback.<\/audio><\/p>\n","protected":false},"excerpt":{"rendered":"<p>La dimension socio-culturelle des relations Nord-Sud \u00a0 CONFERENCE-DEBAT\u00a0 donn\u00e9e le 15 mai 1992 dans le cadre du s\u00e9minaire sociologie politique du Tiers Monde de Jean Ziegler (Institut Universitaire d&apos;Etudes du D\u00e9veloppement, Gen\u00e8ve) Ecouter la conf\u00e9rence, 1h28 mn Your browser does not support audio playback. <a class=\"continue-reading-link\" href=\"https:\/\/archipress.org\/?p=180\">Lire plus \/ Read more<\/a><\/p>\n","protected":false},"author":1,"featured_media":1415,"comment_status":"closed","ping_status":"closed","sticky":false,"template":"","format":"standard","meta":{"footnotes":""},"categories":[1],"tags":[],"class_list":["post-180","post","type-post","status-publish","format-standard","has-post-thumbnail","hentry","category-non-classe"],"_links":{"self":[{"href":"https:\/\/archipress.org\/index.php?rest_route=\/wp\/v2\/posts\/180","targetHints":{"allow":["GET"]}}],"collection":[{"href":"https:\/\/archipress.org\/index.php?rest_route=\/wp\/v2\/posts"}],"about":[{"href":"https:\/\/archipress.org\/index.php?rest_route=\/wp\/v2\/types\/post"}],"author":[{"embeddable":true,"href":"https:\/\/archipress.org\/index.php?rest_route=\/wp\/v2\/users\/1"}],"replies":[{"embeddable":true,"href":"https:\/\/archipress.org\/index.php?rest_route=%2Fwp%2Fv2%2Fcomments&post=180"}],"version-history":[{"count":2,"href":"https:\/\/archipress.org\/index.php?rest_route=\/wp\/v2\/posts\/180\/revisions"}],"predecessor-version":[{"id":2425,"href":"https:\/\/archipress.org\/index.php?rest_route=\/wp\/v2\/posts\/180\/revisions\/2425"}],"wp:featuredmedia":[{"embeddable":true,"href":"https:\/\/archipress.org\/index.php?rest_route=\/"}],"wp:attachment":[{"href":"https:\/\/archipress.org\/index.php?rest_route=%2Fwp%2Fv2%2Fmedia&parent=180"}],"wp:term":[{"taxonomy":"category","embeddable":true,"href":"https:\/\/archipress.org\/index.php?rest_route=%2Fwp%2Fv2%2Fcategories&post=180"},{"taxonomy":"post_tag","embeddable":true,"href":"https:\/\/archipress.org\/index.php?rest_route=%2Fwp%2Fv2%2Ftags&post=180"}],"curies":[{"name":"wp","href":"https:\/\/api.w.org\/{rel}","templated":true}]}}