{"id":191,"date":"2014-12-29T20:31:17","date_gmt":"2014-12-29T19:31:17","guid":{"rendered":"https:\/\/archipress.org\/wp\/?page_id=191"},"modified":"2026-05-02T08:25:57","modified_gmt":"2026-05-02T07:25:57","slug":"universite-de-tous-les-savoirs","status":"publish","type":"post","link":"https:\/\/archipress.org\/?p=191","title":{"rendered":"Universit\u00e9 de tous les savoirs"},"content":{"rendered":"<h3 align=\"center\">Introduction \u00e0 l&#8217;histoire des sciences<\/h3>\n<h4 align=\"center\">S\u00e9lection de conf\u00e9rences<\/h4>\n<p align=\"justify\">Conf\u00e9rences publiques donn\u00e9es dans le cadre de l&#8217;Universit\u00e9 de tous les savoirs au Conservatoire National des Arts et M\u00e9tiers (CNAM) \u00e0 Paris tout au long de l&#8217;ann\u00e9e 2000. Droits r\u00e9serv\u00e9s.<\/p>\n<p><a href=\"#Mathesis\">Mathesis<\/a><br \/>\n<a href=\"#Cosmologie\">Cosmologie<\/a><br \/>\n<a href=\"#Physis\">Physis<\/a><br \/>\n<a href=\"#Bio-logiques\">Bio-logiques<\/a><br \/>\n<a href=\"#Humanit%C3%A9s\">Humanit\u00e9s<\/a><\/p>\n<p>&nbsp;<\/p>\n<hr \/>\n<p align=\"center\"><a href=\"#top\"><img loading=\"lazy\" decoding=\"async\" src=\"https:\/\/archipress.org\/images\/back\/bluearrowup.gif\" alt=\"\" width=\"15\" height=\"15\" border=\"0\" \/><\/a> <a title=\"Mathesis\" name=\"Mathesis\"><\/a>Mathesis <a href=\"#Cosmologie\"><img loading=\"lazy\" decoding=\"async\" src=\"https:\/\/archipress.org\/images\/back\/bluearrowdown.gif\" alt=\"\" width=\"11\" height=\"9\" border=\"0\" \/><\/a><\/p>\n<div align=\"left\">Les fondements des math\u00e9matiques par Jean-Yves Girard (Directeur de recherches CNRS \u00e0 Marseille, 17 juin 2000).<\/div>\n<div align=\"left\"><img loading=\"lazy\" decoding=\"async\" src=\"https:\/\/archipress.org\/images\/back\/triangle2.gif\" alt=\"\" width=\"9\" height=\"9\" border=\"0\" \/> <a href=\"https:\/\/archipress.org\/audio\/girard.rm\">Ecoute<\/a><\/div>\n<div align=\"left\"><\/div>\n<div align=\"left\">Connaissance et pens\u00e9e math\u00e9matique (Les bases c\u00e9r\u00e9brales de l&#8217;intuition num\u00e9rique) par Stanislas Dehaene(Directeur de recherches \u00e0 l&#8217;Institut National de la Sant\u00e9 et de la Recherche M\u00e9dicale (I.N.S.E.R.M.), 15 juin 2000).<\/div>\n<div align=\"left\"><img loading=\"lazy\" decoding=\"async\" src=\"https:\/\/archipress.org\/images\/back\/triangle2.gif\" alt=\"\" width=\"9\" height=\"9\" border=\"0\" \/> <a href=\"https:\/\/archipress.org\/audio\/dehaene.rm\">Ecoute<\/a><\/div>\n<div align=\"left\"><\/div>\n<div align=\"left\">Espaces courbes par Jean-Pierre Bourguignon (Directeur de l&#8217;Institut des Hautes \u00c9tudes Scientifiques, Directeur de recherche au CNRS, 27 juin 2000).<\/div>\n<div align=\"left\"><img loading=\"lazy\" decoding=\"async\" src=\"https:\/\/archipress.org\/images\/back\/triangle2.gif\" alt=\"\" width=\"9\" height=\"9\" border=\"0\" \/> <a href=\"https:\/\/archipress.org\/audio\/bourguignon.rm\">Ecoute<\/a><\/div>\n<div align=\"left\"><\/div>\n<div align=\"left\">\u00c9conomie et math\u00e9matiques par Ivar Ekeland (Professeur de math\u00e9matiques \u00e0 l&#8217;unversit\u00e9 Paris-Dauphine, 23 juin 2000).<\/div>\n<div align=\"left\"><img loading=\"lazy\" decoding=\"async\" src=\"https:\/\/archipress.org\/images\/back\/triangle2.gif\" alt=\"\" width=\"9\" height=\"9\" border=\"0\" \/> <a href=\"https:\/\/archipress.org\/audio\/ekeland.rm\">Ecoute<\/a><\/div>\n<div align=\"left\"><\/div>\n<div align=\"left\">L&#8217;anneau fractal de l&#8217;art \u00e0 l&#8217;art \u00e0 travers la g\u00e9ometrie, la finance et les sciences par Beno\u00eet Mandelbrot (Professeur de Sciences Math\u00e9matiques \u00e0 l&#8217;Universit\u00e9 de Yale, Fellow \u00e9m\u00e9rite au Centre de Recherches IBM T. J. Watson, 28 juin 2000).<\/div>\n<div align=\"left\"><img loading=\"lazy\" decoding=\"async\" src=\"https:\/\/archipress.org\/images\/back\/triangle2.gif\" alt=\"\" width=\"9\" height=\"9\" border=\"0\" \/> <a href=\"https:\/\/archipress.org\/audio\/mandelbrot.rm\">Ecoute<\/a><\/div>\n<div align=\"left\"><\/div>\n<div align=\"left\">Math\u00e9matiques du monde quantique par Alain Connes (Professeur au Coll\u00e8ge de France, 29 juin 2000).<\/div>\n<div align=\"left\"><img loading=\"lazy\" decoding=\"async\" src=\"https:\/\/archipress.org\/images\/back\/triangle2.gif\" alt=\"\" width=\"9\" height=\"9\" border=\"0\" \/> <a href=\"https:\/\/archipress.org\/audio\/connes.rm\">Ecoute<\/a><\/div>\n<div align=\"left\"><\/div>\n<div align=\"left\">Cryptologie et s\u00e9curit\u00e9 informatique par Jacques Stern (Professeur a l&#8217;\u00c9cole normale sup\u00e9rieure, directeur du d\u00e9partement d&#8217;Informatique, Paris, 8 septembre 2000).<br \/>\n<img loading=\"lazy\" decoding=\"async\" src=\"https:\/\/archipress.org\/images\/back\/triangle2.gif\" alt=\"\" width=\"9\" height=\"9\" border=\"0\" \/> <a href=\"https:\/\/archipress.org\/audio\/stern.rm\">Ecoute<\/a><\/div>\n<div align=\"left\"><\/div>\n<div align=\"left\">\n<hr \/>\n<\/div>\n<div align=\"left\">\n<p align=\"center\"><a href=\"#top\"><img loading=\"lazy\" decoding=\"async\" src=\"https:\/\/archipress.org\/images\/back\/bluearrowup.gif\" alt=\"\" width=\"15\" height=\"15\" border=\"0\" \/><\/a> <a title=\"Cosmologie\" name=\"Cosmologie\"><\/a>Cosmologie <a href=\"#Physis\"><img loading=\"lazy\" decoding=\"async\" src=\"https:\/\/archipress.org\/images\/back\/bluearrowdown.gif\" alt=\"\" width=\"11\" height=\"9\" border=\"0\" \/><\/a><a title=\"Cosmologie\" name=\"Cosmologie\"><\/a><\/p>\n<\/div>\n<p>Le big-bang par Marc Lachi\u00e8ze-Rey (Directeur de Recherches au CNRS, 4 juillet 2000).<br \/>\n<img loading=\"lazy\" decoding=\"async\" src=\"https:\/\/archipress.org\/images\/back\/triangle2.gif\" alt=\"\" width=\"9\" height=\"9\" border=\"0\" \/> <a href=\"https:\/\/archipress.org\/audio\/lachieze.rm\">Ecoute<\/a><br \/>\nLes trous noirs et la forme de l&#8217;espace par Jean-Pierre Luminet (Astrophysicien \u00e0 l&#8217;observatoire de Meudon, Directeur de Recherches au CNRS).<br \/>\n<img loading=\"lazy\" decoding=\"async\" src=\"https:\/\/archipress.org\/images\/back\/triangle2.gif\" alt=\"\" width=\"9\" height=\"9\" border=\"0\" \/> <a href=\"https:\/\/archipress.org\/audio\/luminet.rm\">Ecoute<\/a><br \/>\nLa relativit\u00e9 g\u00e9n\u00e9rale par Thibault Damour ( Professeur \u00e0 l&#8217;Institut des Hautes Etudes Scientifiques, 1er juillet 2000).<br \/>\n<img loading=\"lazy\" decoding=\"async\" src=\"https:\/\/archipress.org\/images\/back\/triangle2.gif\" alt=\"\" width=\"9\" height=\"9\" border=\"0\" \/> <a href=\"https:\/\/archipress.org\/audio\/damour.rm\">Ecoute<\/a><br \/>\nLa temps et sa fl\u00e8che par Etienne Klein (Professeur \u00e0 l&#8217;\u00c9cole Centrale de Paris, 6 juillet 2000).<br \/>\n<img loading=\"lazy\" decoding=\"async\" src=\"https:\/\/archipress.org\/images\/back\/triangle2.gif\" alt=\"\" width=\"9\" height=\"9\" border=\"0\" \/> <a href=\"https:\/\/archipress.org\/audio\/klein.rm\">Ecoute<\/a><\/p>\n<div align=\"left\">\n<hr \/>\n<\/div>\n<p align=\"center\"><a href=\"#top\"><img loading=\"lazy\" decoding=\"async\" src=\"https:\/\/archipress.org\/images\/back\/bluearrowup.gif\" alt=\"\" width=\"15\" height=\"15\" border=\"0\" \/><\/a> <a title=\"Physis\" name=\"Physis\"><\/a>Physis <a href=\"#Bio-logiques\"><img loading=\"lazy\" decoding=\"async\" src=\"https:\/\/archipress.org\/images\/back\/bluearrowdown.gif\" alt=\"\" width=\"11\" height=\"9\" border=\"0\" \/><\/a><\/p>\n<p>La physique quantique par Serge Haroche (Professeur de Physique \u00e0 l&#8217;Universit\u00e9 Pierre et Marie Curie, professeur \u00e0 l&#8217;\u00c9cole Normale Sup\u00e9rieure, Paris, 31 juillet 2000).<br \/>\n<img loading=\"lazy\" decoding=\"async\" src=\"https:\/\/archipress.org\/images\/back\/triangle2.gif\" alt=\"\" width=\"9\" height=\"9\" border=\"0\" \/> <a href=\"https:\/\/archipress.org\/audio\/haroche.rm\">Ecoute<\/a> <a href=\"https:\/\/archipress.org\/audio\/haroche.rm\"><br \/>\n<\/a><br \/>\nLes tests et effets de la physique quantique par Alain Aspect (Directeur de recherche au CNRS, au laboratoire Charles Fabry de l&#8217;Institut d&#8217;Optique \u00e0 Orsay, professeur \u00e0 l&#8217;\u00c9cole Polytechnique, 1er ao\u00fbt 2000).<br \/>\n<img loading=\"lazy\" decoding=\"async\" src=\"https:\/\/archipress.org\/images\/back\/triangle2.gif\" alt=\"\" width=\"9\" height=\"9\" border=\"0\" \/> <a href=\"https:\/\/archipress.org\/audio\/aspect.rm\">Ecoute<\/a> <a href=\"https:\/\/archipress.org\/audio\/aspect.rm\"><br \/>\n<\/a><br \/>\nLes limites de la connaissance physique par Jean-Marc L\u00e9vy-Leblond (Professeur \u00e0 l&#8217;universit\u00e9 de Nice, d\u00e9partements de physique et de philosophie, 26 juillet 2000).<br \/>\n<img loading=\"lazy\" decoding=\"async\" src=\"https:\/\/archipress.org\/images\/back\/triangle2.gif\" alt=\"\" width=\"9\" height=\"9\" border=\"0\" \/> <a href=\"https:\/\/archipress.org\/audio\/leblond.rm\">Ecoute<\/a> <a href=\"https:\/\/archipress.org\/audio\/leblond.rm\"><br \/>\n<\/a><br \/>\nChaos, impr\u00e9dictibilit\u00e9 et hasard par David Ruelle (Professeur de Physique Th\u00e9orique \u00e0 l&#8217;Institut des Hautes \u00c9tudes Scientifiques de Bures-sur-Yvette, 5 ao\u00fbt 2000).<br \/>\n<img loading=\"lazy\" decoding=\"async\" src=\"https:\/\/archipress.org\/images\/back\/triangle2.gif\" alt=\"\" width=\"9\" height=\"9\" border=\"0\" \/> <a href=\"https:\/\/archipress.org\/audio\/ruelle.rm\">Ecoute<\/a> <a href=\"https:\/\/archipress.org\/audio\/ruelle.rm\"><br \/>\n<\/a><br \/>\nPhysique des tas de sables et physique de la mati\u00e8re molle par Etienne Guyon (Directeur de l&#8217;Ecole Normale Sup\u00e9rieure, 11 ao\u00fbt 2000).<br \/>\n<img loading=\"lazy\" decoding=\"async\" src=\"https:\/\/archipress.org\/images\/back\/triangle2.gif\" alt=\"\" width=\"9\" height=\"9\" border=\"0\" \/> <a href=\"https:\/\/archipress.org\/audio\/guyon.rm\">Ecoute<\/a><br \/>\n.<br \/>\nLa turbulence par Uriel Frisch (Directeur de recherche au CNRS, 25 juin 2000).<br \/>\n<img loading=\"lazy\" decoding=\"async\" src=\"https:\/\/archipress.org\/images\/back\/triangle2.gif\" alt=\"\" width=\"9\" height=\"9\" border=\"0\" \/> <a href=\"https:\/\/archipress.org\/audio\/frisch.rm\">Ecoute<\/a><\/p>\n<p>Pourquoi la mati\u00e8re change-t-elle d&#8217;\u00e9tat ? : la comp\u00e9tition entre ordre et d\u00e9sordre par Edouard Br\u00e9zin (Professeur de physique \u00e0 l&#8217;Universit\u00e9 Pierre et Marie Curie (ENS), 7 ao\u00fbt 2000).<br \/>\n<img loading=\"lazy\" decoding=\"async\" src=\"https:\/\/archipress.org\/images\/back\/triangle2.gif\" alt=\"\" width=\"9\" height=\"9\" border=\"0\" \/> <a href=\"https:\/\/archipress.org\/audio\/brezin.rm\">Ecoute<\/a><\/p>\n<div align=\"left\">\n<hr \/>\n<\/div>\n<p align=\"center\"><a href=\"#top\"><img loading=\"lazy\" decoding=\"async\" src=\"https:\/\/archipress.org\/images\/back\/bluearrowup.gif\" alt=\"\" width=\"15\" height=\"15\" border=\"0\" \/><\/a> <a title=\"Bio-logiques\" name=\"Bio-logiques\"><\/a>Bio-logiques <a href=\"#Humanit%C3%A9s\"><img loading=\"lazy\" decoding=\"async\" src=\"https:\/\/archipress.org\/images\/back\/bluearrowdown.gif\" alt=\"\" width=\"11\" height=\"9\" border=\"0\" \/><\/a><\/p>\n<div align=\"left\">Qu&#8217;est-ce que la vie ? par Fran\u00e7ois Jacob (Prix Nobel de Physiologie ou M\u00e9decine 1965, 1er janvier 2000).<br \/>\n<img loading=\"lazy\" decoding=\"async\" src=\"https:\/\/archipress.org\/images\/back\/triangle2.gif\" alt=\"\" width=\"9\" height=\"9\" border=\"0\" \/> <a href=\"https:\/\/archipress.org\/audio\/jacob.rm\">Ecoute<\/a><\/div>\n<div align=\"left\"><\/div>\n<div align=\"left\">Le cerveau : de la biologie mol\u00e9culaire aux sciences cognitives par Jean-Pierre Changeux (Professeur au Coll\u00e8ge de France et \u00e0 l&#8217;Institut Pasteur, 3 janvier 2000).<br \/>\n<img loading=\"lazy\" decoding=\"async\" src=\"https:\/\/archipress.org\/images\/back\/triangle2.gif\" alt=\"\" width=\"9\" height=\"9\" border=\"0\" \/> <a href=\"https:\/\/archipress.org\/audio\/changeux.rm\">Ecoute<\/a><\/div>\n<div align=\"left\"><\/div>\n<div align=\"left\">La th\u00e9orie de l&#8217;\u00e9volution par Jean Gayon (Professeur \u00e0 l&#8217;Universit\u00e9 Paris 7- Denis Diderot, chaire d&#8217;\u00e9pist\u00e9mologie et histoire des sciences de la vie et de la sant\u00e9, 16 janvier 2000).<br \/>\n<img loading=\"lazy\" decoding=\"async\" src=\"https:\/\/archipress.org\/images\/back\/triangle2.gif\" alt=\"\" width=\"9\" height=\"9\" border=\"0\" \/> <a href=\"https:\/\/archipress.org\/audio\/gayon.rm\">Ecoute<\/a> (59&#8242;)<\/div>\n<div align=\"left\"><\/div>\n<div align=\"left\">La co\u00e9volution par Claude Combes (Directeur de recherches au Laboratoire de Biologie Mol\u00e9culaire des Relations Plantes-Microorganismes, au CNRS-INRA, 7 janvier 2000).<br \/>\n<img loading=\"lazy\" decoding=\"async\" src=\"https:\/\/archipress.org\/images\/back\/triangle2.gif\" alt=\"\" width=\"9\" height=\"9\" border=\"0\" \/> <a href=\"https:\/\/archipress.org\/audio\/combes.rm\">Ecoute<\/a><\/div>\n<div align=\"left\"><\/div>\n<div align=\"left\">La biodiversit\u00e9 par Jean-Claude Mounolou (Professeur \u00e0 l&#8217;Universit\u00e9 Paris-Sud (Orsay), Chaire de Biologie g\u00e9n\u00e9rale, 6 janvier 2000).<\/div>\n<div align=\"left\"><img loading=\"lazy\" decoding=\"async\" src=\"https:\/\/archipress.org\/images\/back\/triangle2.gif\" alt=\"\" width=\"9\" height=\"9\" border=\"0\" \/> <a href=\"https:\/\/archipress.org\/audio\/mounolou.rm\">Ecoute<\/a><\/div>\n<div align=\"left\"><\/div>\n<div align=\"left\">Le s\u00e9quen\u00e7age du g\u00e9nome humain par Jean Weissenbach (Directeur de Recherches au CNRS, Directeur G\u00e9n\u00e9ral de G\u00e9noscope-Centre National de S\u00e9quen\u00e7age, 27 janvier 2000).<br \/>\n<img loading=\"lazy\" decoding=\"async\" src=\"https:\/\/archipress.org\/images\/back\/triangle2.gif\" alt=\"\" width=\"9\" height=\"9\" border=\"0\" \/> <a href=\"https:\/\/archipress.org\/audio\/weissen.rm\">Ecoute<\/a><\/p>\n<div><\/div>\n<\/div>\n<div align=\"left\">\n<hr \/>\n<\/div>\n<p align=\"center\"><a href=\"#top\"><img loading=\"lazy\" decoding=\"async\" src=\"https:\/\/archipress.org\/images\/back\/bluearrowup.gif\" alt=\"\" width=\"15\" height=\"15\" border=\"0\" \/><\/a> <a title=\"Humanit\u00e9s\" name=\"Humanit\u00e9s\"><\/a>Humanit\u00e9s<\/p>\n<div align=\"left\">L&#8217;enseignement des sciences par Jean-Jacques Duby (Directeur g\u00e9n\u00e9ral de l&#8217;\u00c9cole Sup\u00e9rieure d&#8217;\u00c9lectricit\u00e9 (Sup\u00e9lec), 31 ao\u00fbt 2000).<\/div>\n<div align=\"left\"><img loading=\"lazy\" decoding=\"async\" src=\"https:\/\/archipress.org\/images\/back\/triangle2.gif\" alt=\"\" width=\"9\" height=\"9\" border=\"0\" \/> <a href=\"https:\/\/archipress.org\/audio\/duby.rm\">Ecoute<\/a><\/div>\n<div align=\"left\"><\/div>\n<div align=\"left\">Rationalit\u00e9 et raisonnement par Gilles-Gaston Granger (Professeur Honoraire au Coll\u00e8ge de France, 17 janvier 2000).<br \/>\n<img loading=\"lazy\" decoding=\"async\" src=\"https:\/\/archipress.org\/images\/back\/triangle2.gif\" alt=\"\" width=\"9\" height=\"9\" border=\"0\" \/> <a href=\"https:\/\/archipress.org\/audio\/granger.rm\">Ecoute<\/a>Qu&#8217;est-ce que s&#8217;orienter dans la pens\u00e9e? par Jacques Bouveresse (Professeur de philosophie au Coll\u00e8ge de France, 21 janvier 2000).<br \/>\n<img loading=\"lazy\" decoding=\"async\" src=\"https:\/\/archipress.org\/images\/back\/triangle2.gif\" alt=\"\" width=\"9\" height=\"9\" border=\"0\" \/> <a href=\"https:\/\/archipress.org\/audio\/bouveres.rm\">Ecoute<\/a><\/div>\n<div align=\"left\">La m\u00e9gapolisation: le d\u00e9fi de la ville monde par J\u00e9r\u00f4me Monnet (Professeur de g\u00e9ographie \u00e0 l&#8217;Universit\u00e9 de Toulouse-Le-Mirail, 12 avril 2000).<br \/>\n<img loading=\"lazy\" decoding=\"async\" src=\"https:\/\/archipress.org\/images\/back\/triangle2.gif\" alt=\"\" width=\"9\" height=\"9\" border=\"0\" \/> <a href=\"https:\/\/archipress.org\/audio\/urbanite.rm\">Ecoute<\/a><\/div>\n<div align=\"left\"><\/div>\n<div align=\"left\">\n<p align=\"left\">L&#8217;histoire vue d&#8217;ailleurs par Abdallah Laroui (Professeur titulaire de chaire \u00e0 l&#8217;Universit\u00e9 Mohamed V \u00e0 Rabat, 25 avril 2000).<br \/>\n<img loading=\"lazy\" decoding=\"async\" src=\"https:\/\/archipress.org\/images\/back\/triangle2.gif\" alt=\"\" width=\"9\" height=\"9\" border=\"0\" \/> <a href=\"https:\/\/archipress.org\/audio\/laroui.rm\">Ecoute<\/a><\/p>\n<\/div>\n","protected":false},"excerpt":{"rendered":"<p>Introduction \u00e0 l&#8217;histoire des sciences S\u00e9lection de conf\u00e9rences Conf\u00e9rences publiques donn\u00e9es dans le cadre de l&#8217;Universit\u00e9 de tous les savoirs au Conservatoire National des Arts et M\u00e9tiers (CNAM) \u00e0 Paris tout au long de l&#8217;ann\u00e9e 2000. Droits r\u00e9serv\u00e9s. Mathesis Cosmologie Physis Bio-logiques Humanit\u00e9s &nbsp; Mathesis Les fondements des math\u00e9matiques par\u2026 <a class=\"continue-reading-link\" href=\"https:\/\/archipress.org\/?p=191\">Lire plus \/ Read more<\/a><\/p>\n","protected":false},"author":1,"featured_media":0,"comment_status":"closed","ping_status":"closed","sticky":false,"template":"","format":"standard","meta":{"footnotes":""},"categories":[1],"tags":[],"class_list":["post-191","post","type-post","status-publish","format-standard","hentry","category-non-classe"],"_links":{"self":[{"href":"https:\/\/archipress.org\/index.php?rest_route=\/wp\/v2\/posts\/191","targetHints":{"allow":["GET"]}}],"collection":[{"href":"https:\/\/archipress.org\/index.php?rest_route=\/wp\/v2\/posts"}],"about":[{"href":"https:\/\/archipress.org\/index.php?rest_route=\/wp\/v2\/types\/post"}],"author":[{"embeddable":true,"href":"https:\/\/archipress.org\/index.php?rest_route=\/wp\/v2\/users\/1"}],"replies":[{"embeddable":true,"href":"https:\/\/archipress.org\/index.php?rest_route=%2Fwp%2Fv2%2Fcomments&post=191"}],"version-history":[{"count":1,"href":"https:\/\/archipress.org\/index.php?rest_route=\/wp\/v2\/posts\/191\/revisions"}],"predecessor-version":[{"id":2737,"href":"https:\/\/archipress.org\/index.php?rest_route=\/wp\/v2\/posts\/191\/revisions\/2737"}],"wp:attachment":[{"href":"https:\/\/archipress.org\/index.php?rest_route=%2Fwp%2Fv2%2Fmedia&parent=191"}],"wp:term":[{"taxonomy":"category","embeddable":true,"href":"https:\/\/archipress.org\/index.php?rest_route=%2Fwp%2Fv2%2Fcategories&post=191"},{"taxonomy":"post_tag","embeddable":true,"href":"https:\/\/archipress.org\/index.php?rest_route=%2Fwp%2Fv2%2Ftags&post=191"}],"curies":[{"name":"wp","href":"https:\/\/api.w.org\/{rel}","templated":true}]}}