{"id":240,"date":"2014-12-30T21:13:58","date_gmt":"2014-12-30T20:13:58","guid":{"rendered":"https:\/\/archipress.org\/wp\/?page_id=240"},"modified":"2026-05-02T08:25:53","modified_gmt":"2026-05-02T07:25:53","slug":"avec-michel-serres","status":"publish","type":"post","link":"https:\/\/archipress.org\/?p=240","title":{"rendered":"Avec Michel Serres"},"content":{"rendered":"<h3 align=\"center\">Premi\u00e8res Rencontres d&#8217;Evian <span style=\"color: #800000; font-family: Arial;\"><br \/>\n<\/span>Sciences et Soci\u00e9t\u00e9s<\/h3>\n<h3 align=\"center\"><img loading=\"lazy\" decoding=\"async\" class=\"\" src=\"https:\/\/archipress.org\/images\/strategie\/lemanc.jpg\" alt=\"Landsat-5 TM. R\u00e9gion du lac L\u00e9man. 06\/09\/86, 9h30. Altitude du satellite 705 km. Largeur explor\u00e9e 185 km.\" width=\"506\" height=\"366\" border=\"0\" \/><\/h3>\n<h2 align=\"center\"><span style=\"color: #800000; font-family: Arial;\"><a title=\"Sciences et Soci\u00e9t\u00e9s\" name=\"Sciences et Soci\u00e9t\u00e9s\"><\/a><br \/>\n<\/span><\/h2>\n<p align=\"center\">anim\u00e9es par Michel Serres<br \/>\navec Yves Coppens, Yves Lancelot, Pierre L\u00e9na, &#8230;<br \/>\n6, 7 et 8 avril 2000<\/p>\n<p align=\"left\"><a href=\"#Introduction\">Introduction<\/a> (Michel Serres)<br \/>\n<a href=\"#Terre%20et%20climat\">Terre et climat<\/a> (Yves Lancelot)<br \/>\n<a href=\"#Espace%20et%20univers\">Espace et univers<\/a> (Pierre L\u00e9na)<br \/>\n<a href=\"#Origines%20de%20l%27homme\">Origines de l&#8217;homme<\/a> (Yves Coppens)<br \/>\n<a href=\"#Ma%C3%AEtrise%20du%20vivant\">Ma\u00eetrise du vivant<\/a> (Charles Auffray)<br \/>\n<a href=\"#Sciences%20et%20information\">Sciences et information<\/a> (Michel Serres et Khai Minh Pham)<br \/>\n<a href=\"#Philosophie%20des%20sciences\">Philosophie des sciences<\/a> (Michel Serres)<\/p>\n<hr \/>\n<p align=\"center\"><a href=\"#Sciences%20et%20Soci%C3%A9t%C3%A9s\"><img loading=\"lazy\" decoding=\"async\" src=\"https:\/\/archipress.org\/images\/back\/bluearrowup.gif\" alt=\"\" width=\"15\" height=\"15\" border=\"0\" \/><\/a> <a title=\"Introduction\" name=\"Introduction\"><\/a>Introduction <a href=\"#Terre%20et%20climat\"><img loading=\"lazy\" decoding=\"async\" src=\"https:\/\/archipress.org\/images\/back\/bluearrowdown.gif\" alt=\"\" width=\"11\" height=\"9\" border=\"0\" \/><\/a><\/p>\n<div align=\"left\">\n<p><strong>Extrait de la pr\u00e9sentation<\/strong> <strong>de Michel Serres<\/strong><br \/>\n(philosophe, Stanford university, 6 avril 2000).<\/p>\n<\/div>\n<div align=\"left\">\n<p align=\"justify\"><em>Le pourquoi de ces Rencontres. La science &#8220;fait social total&#8221; : tr\u00e8s peu d&#8217;endroits de la soci\u00e9t\u00e9 qui ne soient pas concern\u00e9s par la science et la technologie. Ce qui a chang\u00e9, ce qui change et va changer dans les rapports Sciences-Soci\u00e9t\u00e9s. <\/em><\/p>\n<\/div>\n<div align=\"left\">\n<p><strong>Ecoute en ligne<\/strong> (14&apos;)<br \/>\n<audio controls><source src=\"https:\/\/archipress.org\/audio\/mp3\/evian\/intro.mp3\" type=\"audio\/mpeg\">Your browser does not support the audio element.<\/audio>\n<\/div>\n<div align=\"left\">\n<hr \/>\n<\/div>\n<div align=\"left\">\n<p align=\"center\"><a href=\"#Sciences%20et%20Soci%C3%A9t%C3%A9s\"><img loading=\"lazy\" decoding=\"async\" src=\"https:\/\/archipress.org\/images\/back\/bluearrowup.gif\" alt=\"\" width=\"15\" height=\"15\" border=\"0\" \/><\/a> <a title=\"Terre et climat\" name=\"Terre et climat\"><\/a>Terre et climat <a href=\"#Espace%20et%20univers\"><img loading=\"lazy\" decoding=\"async\" src=\"https:\/\/archipress.org\/images\/back\/bluearrowdown.gif\" alt=\"\" width=\"11\" height=\"9\" border=\"0\" \/><\/a><\/p>\n<\/div>\n<p align=\"left\"><strong>Expos\u00e9 d&#8217;Yves Lancelot<\/strong><br \/>\n(oc\u00e9anographe, centre d&#8217;oc\u00e9anologie de Marseille, avril 2000)<\/p>\n<p align=\"justify\"><em>Prise de conscience de l&#8217;environnement. La terre devenue objet unique. Les d\u00e9veloppements technologique et politique rendent l&#8217;homme plus vuln\u00e9rable par rapport aux d\u00e9sordres climatiques. Adaptation plus difficile.La tectonique des plaques comme concept unifiant a r\u00e9volutionn\u00e9 les sciences de la terre. La terre est d\u00e9sormais percue comme un syst\u00e8me complexe. La plan\u00e8te est tr\u00e8s chaude, c&#8217;est une \u00e9norme machine thermique dont la surface est recouverte d&#8217;une fine cro\u00fbte mobile.<br \/>\n<\/em><\/p>\n<div align=\"justify\"><\/div>\n<p><strong>Ecoute 1\u00e8re partie<\/strong> (17&apos;)<br \/>\n<audio controls><source src=\"https:\/\/archipress.org\/audio\/mp3\/evian\/lancelot.mp3\" type=\"audio\/mpeg\">Your browser does not support the audio element.<\/audio><\/p>\n<div align=\"left\">\n<p><em><a href=\"http:\/\/www.multimania.com\/r210762\/lancelot.rm\"><br \/>\n<\/a><\/em><\/p>\n<p align=\"justify\"><em>Risques produits par l&#8217;environnement. Urvanisation et marche vers la mer. Concentrations. Principe de pr\u00e9caution. <\/em><br \/>\n<em> Questions, discussion g\u00e9n\u00e9rale. Diff\u00e9rence de risques entre pays riches et pays pauvres. Certitude humaine et incertitude scientifique. Equation personnelle du chercheur et dimension collective de la recherche. Question du &#8220;z\u00e9ro d\u00e9faut&#8221;.<\/em><\/p>\n<p align=\"justify\"><em>\u00a0<\/em><\/p>\n<\/div>\n<div align=\"left\">\n<p><strong>Ecoute 2\u00e8me partie<\/strong> (33&apos;)<br \/>\n<audio controls><source src=\"https:\/\/archipress.org\/audio\/lancelot2.mp3\" type=\"audio\/mpeg\">Your browser does not support the audio element.<\/audio>\n<\/p>\n<\/div>\n<div align=\"justify\">\n<p><em>Le progr\u00e8s a fait que l&#8217;homme est devenu une force de la nature<\/em><em>. Gros besoin en \u00e9nergie (charbon puis p\u00e9trole). L&#8217;homme contemporain consomme 20 tonnes de lithosph\u00e8re par an. Pr\u00e9occupation r\u00e9cente de l&#8217;eau et de l&#8217;air. Un habitant sur cinq de la terre n&#8217;a pas acc\u00e8s \u00e0 l&#8217;eau potable, un habitant sur deux ne b\u00e9n\u00e9ficie pas de l&#8217;assainissement des eaux. En 2025, la moiti\u00e9 de la population mondiale sera en dessous du seuil critique de l&#8217;acc\u00e8s \u00e0 l&#8217;eau. Vers une guerre de l&#8217;eau. Probl\u00e8me de l&#8217;eau plus difficile que celui de l&#8217;\u00e9nergie.<\/em><\/p>\n<p><em>Effet de serre ; l&#8217;\u00e9nergie fossile qui a mis des millions d&#8217;ann\u00e9es \u00e0 se former est rejet\u00e9e instantan\u00e9ment dans l&#8217;athmosph\u00e8re sous forme de gaz carbonique ; l&#8217;homme a fait un court-circuit. Dynamique du climat. Fonctions for\u00e7antes. Le r\u00f4le de l&#8217;activit\u00e9 humaine dans le contexte de l&#8217;\u00e9volution. Evidences de r\u00e9chauffement de la terre. La fonte des glaces partielle. Perte de la glace de mer de l&#8217;oc\u00e9an arctique. 40% de r\u00e9duction du volume de la glace de mer en Arctique entre 1960 et 2000. 6 milliards d&#8217;hommes ; 90 millions de plus chaque ann\u00e9e. Consommation d&#8217;\u00e9nergie en augmentation.<\/em><\/p>\n<\/div>\n<p align=\"left\"><strong>Ecoute 3\u00e8me partie <\/strong>(35&apos;)<br \/>\n<audio controls><source src=\"https:\/\/archipress.org\/audio\/mp3\/evian\/lancelot3.mp3\" type=\"audio\/mpeg\">Your browser does not support the audio element.<\/audio><\/p>\n<p align=\"left\">\n<p align=\"left\"><em>Questions, discussion g\u00e9n\u00e9rale. Sortir de l&#8217;\u00e8re du feu. N\u00e9cessit\u00e9 de la redistribution du savoir. Logiques de l&#8217;\u00e9conomie et du savoir oppos\u00e9es : le partage du savoir multiplie le savoir tandis que le partage des biens ne multiplie pas les biens. Inventer des solutions de vie diff\u00e9rentes de celles qui ont amen\u00e9 le Conflit. <\/em><\/p>\n<div align=\"left\"><\/div>\n<p align=\"left\"><strong>Ecoute 4\u00e8me partie<\/strong> (23&apos;)<br \/>\n<audio controls><source src=\"https:\/\/archipress.org\/audio\/mp3\/evian\/lancelot3.mp3\" type=\"audio\/mpeg\">Your browser does not support the audio element.<\/audio><\/p>\n<div align=\"left\"><\/div>\n<div align=\"left\">\n<hr \/>\n<\/div>\n<div align=\"left\">\n<p align=\"center\"><a href=\"#Sciences%20et%20Soci%C3%A9t%C3%A9s\"> <img loading=\"lazy\" decoding=\"async\" src=\"https:\/\/archipress.org\/images\/back\/bluearrowup.gif\" alt=\"\" width=\"15\" height=\"15\" border=\"0\" \/><\/a> <strong><a title=\"Espace et univers\" name=\"Espace et univers\"><\/a>&gt;Espace et univers <\/strong><a href=\"#Origines%20de%20l%27homme\"><img loading=\"lazy\" decoding=\"async\" src=\"https:\/\/archipress.org\/images\/back\/bluearrowdown.gif\" alt=\"\" width=\"11\" height=\"9\" border=\"0\" \/><\/a><\/p>\n<\/div>\n<p align=\"left\">\n<p align=\"left\"><strong>Expos\u00e9 de Pierre L\u00e9na<\/strong><br \/>\n(astrophysicien, Universit\u00e9 Denis-Diderot, Paris 7, 6 avril 2000)<\/p>\n<p align=\"justify\"><em>L&#8217;espace, \u00e0 la fois non-lieu et trop-plein, au-del\u00e0 des sph\u00e8res (lithosph\u00e8re, atmosph\u00e8re, biosph\u00e8re, noosph\u00e8re, iconosph\u00e8re). Tout a commenc\u00e9 avec le r\u00eave d&#8217;Icare. La conqu\u00eate spatiale est accouch\u00e9e dans la guerre (construction des fus\u00e9es V1 et V2 par Hitler). L&#8217;espace n&#8217;a co\u00fbt\u00e9 directement que quinze vies humaines. Le trait\u00e9 de l&#8217;Antarctique sert de mod\u00e8le au trait\u00e9 de l&#8217;utilisation pacifique de l&#8217;espace (1957). Le futur de l&#8217;humanit\u00e9 est-il dans l&#8217;espace ? Espace-exploration, espace-connaissance, espace-utilisation. Mars et robotique. <\/em><\/p>\n<p align=\"left\">\n<p align=\"left\"><strong>Ecoute 1\u00e8re partie<\/strong> (35&apos;)<br \/>\n<audio controls><source src=\"https:\/\/archipress.org\/audio\/mp3\/evian\/lena.mp3\" type=\"audio\/mpeg\">Your browser does not support the audio element.<\/audio><\/p>\n<p align=\"justify\"><em>Questions-r\u00e9ponses. 20&#8217;000 tonnes de mat\u00e9riaux ont \u00e9t\u00e9 plac\u00e9es en orbite. 4800 satellites ont \u00e9t\u00e9 lanc\u00e9s. 35 millions d&#8217;objets compris entre 1 mm et 1 cm se trouvent dans l&#8217;espace du fait de l&#8217;activit\u00e9 humaine. Probl\u00e8me de gestion des d\u00e9chets dans l&#8217;espace. <\/em><\/p>\n<p align=\"justify\"><em>Univers sans bord. Mati\u00e8re sombre. L&#8217;univers est plein de choses dont on ne sait rien. Particules de la mati\u00e8re. Comparaison entre espace et cyberespace. Avatar et d\u00e9mon. <\/em><\/p>\n<p><strong>Ecoute 2\u00e8me partie<\/strong> (35&apos;)<br \/>\n<audio controls><source src=\"https:\/\/archipress.org\/audio\/lena2.mp3\" type=\"audio\/mpeg\">Your browser does not support the audio element.<\/audio>\n<\/p>\n<div align=\"left\"><\/div>\n<div align=\"left\"><\/div>\n<div align=\"left\">\n<hr \/>\n<\/div>\n<div align=\"left\">\n<p align=\"center\"><a href=\"#Sciences%20et%20Soci%C3%A9t%C3%A9s\"> <img loading=\"lazy\" decoding=\"async\" src=\"https:\/\/archipress.org\/images\/back\/bluearrowup.gif\" alt=\"\" width=\"15\" height=\"15\" border=\"0\" \/><\/a> <strong><span style=\"font-family: Arial;\">\u00a0<\/span>Origines de l&#8217;homme<\/strong> <a href=\"#Ma%C3%AEtrise%20du%20vivant\"><img loading=\"lazy\" decoding=\"async\" src=\"https:\/\/archipress.org\/images\/back\/bluearrowdown.gif\" alt=\"\" width=\"11\" height=\"9\" border=\"0\" \/><\/a><\/p>\n<\/div>\n<div align=\"left\"><\/div>\n<p style=\"text-align: justify;\"><strong><img loading=\"lazy\" decoding=\"async\" class=\" alignleft\" src=\"https:\/\/archipress.org\/images\/coppens.jpg\" alt=\"Yves Coppens (photographie de Jaydie Putterman)\" width=\"100\" height=\"151\" align=\"left\" border=\"0\" hspace=\"4\" vspace=\"0\" \/>Ex<\/strong><strong>pos\u00e9 d&#8217;Yves Coppens<\/strong><br \/>\n(pal\u00e9ontologue, professeur au Coll\u00e8ge de France, 7 avril 2000)<br \/>\n<em>Naissance et d\u00e9veloppement de la vie, complication, plus grande et meilleure organisation, transformisme, \u00e9volution. Embranchement du rameau de l&#8217;homme (primates sup\u00e9rieurs). Modification du milieu naturel (ass\u00e8chement en Afrique orientale il y a 8 millions d&#8217;ann\u00e9es). Premiers hominid\u00e9s (australopith\u00e8ques). Lucy (australopithecus afarensis). 3 millions d&#8217;ann\u00e9es, raffra\u00eechissement de la terre, apparition du genre homo.<\/em><\/p>\n<p><strong>Ecoute 1\u00e8re partie <\/strong>(35&apos;)<br \/>\n<audio controls><source src=\"https:\/\/archipress.org\/audio\/mp3\/evian\/coppens.mp3\" type=\"audio\/mpeg\">Your browser does not support the audio element.<\/audio><\/p>\n<div align=\"justify\">\n<p><em>Premier peuplement d&#8217;Europe, mont\u00e9e des eaux interglaciaires, isolation g\u00e9ographique et d\u00e9rive g\u00e9n\u00e9tique (N\u00e9anderthal en Europe, pith\u00e9canthrope \u00e0 Java). Autour de &#8211; 50&#8217;000 ans, &#8220;l&#8217;homme moderne&#8221; \u00e9clate ses fronti\u00e8res, passe \u00e0 pied en Am\u00e9rique, arrive probablement en radeau en Australie et pousse vers l&#8217;Indon\u00e9sie. Homme de Cro-Magnon, disparition de N\u00e9anderthal. <\/em><\/p>\n<p><em>Fouilles en Ethiopie. Lanc\u00e9e biologique et d\u00e9veloppement de la culture. Histoire de la mati\u00e8re pensante qui s&#8217;enracine dans la mati\u00e8re vivante. Connaissance de la pr\u00e9histoire et installation d&#8217;un \u00e9cran de savoir. Epop\u00e9e de l&#8217;homme. Prise de conscience de la forme (d&#8217;une pierre). Transformation, multiplication des formes de la pierre et diversification des types d&#8217;outils de l&#8217;homme pr\u00e9historique. &#8211; 500&#8217;000 ans, ma\u00eetrise du feu de l&#8217;Europe \u00e0 l&#8217;Asie. &#8211; 12&#8217;000 ans jetons et bulles \u00e0 l&#8217;origine des tablettes et des premi\u00e8res \u00e9critures. Le Projet.<\/em><\/p>\n<\/div>\n<p><strong>Ecoute 2\u00e8me partie<\/strong> (35&apos;)<br \/>\n<audio controls><source src=\"https:\/\/archipress.org\/audio\/mp3\/evian\/coppens2.mp3\" type=\"audio\/mpeg\">Your browser does not support the audio element.<\/audio><\/p>\n<p><em>Questions, discussion g\u00e9n\u00e9rale sur le d\u00e9crochage nature\/culture, l&#8217;\u00e9volution de l&#8217;Homo Sapiens, l&#8217;irr\u00e9versibilit\u00e9 du temps selon les monoth\u00e9ismes. <\/em><em>Le Projet chez Homo Sapiens.<\/em><em> A propos du jeton et de la pens\u00e9e symbolique (\u00e9tymologie du mot symbole).<\/em><\/p>\n<div align=\"left\">\n<div align=\"justify\"><strong>Ecoute 3\u00e8me partie<\/strong> (34&#8242;)<\/div>\n<div align=\"justify\"><audio controls><source src=\"https:\/\/archipress.org\/audio\/evian\/coppens3.mp3\" type=\"audio\/mpeg\">Your browser does not support the audio element.<\/audio>\n<\/div>\n<hr \/>\n<\/div>\n<div align=\"left\">\n<p align=\"center\"><a href=\"#Sciences%20et%20Soci%C3%A9t%C3%A9s\"> <img loading=\"lazy\" decoding=\"async\" src=\"https:\/\/archipress.org\/images\/back\/bluearrowup.gif\" alt=\"\" width=\"15\" height=\"15\" border=\"0\" \/> <\/a><strong>Ma\u00eetrise du vivant <\/strong><a href=\"#Sciences%20et%20information\"><img loading=\"lazy\" decoding=\"async\" src=\"https:\/\/archipress.org\/images\/back\/bluearrowdown.gif\" alt=\"\" width=\"11\" height=\"9\" border=\"0\" \/><\/a><\/p>\n<\/div>\n<div align=\"left\"><\/div>\n<p><strong>Discussion entre Michel Serres et Charles Auffray <\/strong>(biologiste, 7 avril 2000)<\/p>\n<p><em>Sur l&#8217;apoptose ou la mort cellulaire<br \/>\n<\/em><strong><br \/>\nEcoute<br \/>\n<\/strong><audio controls><source src=\"https:\/\/archipress.org\/audio\/evian\/auffray.mp3\" type=\"audio\/mpeg\">Your browser does not support the audio element.<\/audio><br \/>\n<strong><br \/>\n<\/strong><\/p>\n<div align=\"justify\"><\/div>\n<p><em>Sur la br\u00e9vetabilit\u00e9 du vivant<\/em><\/p>\n<p><strong>Ecoute<br \/>\n<\/strong><audio controls><source src=\"https:\/\/archipress.org\/audio\/mp3\/evian\/auffray3.mp3\" type=\"audio\/mpeg\">Your browser does not support the audio element.<\/audio><strong><br \/>\n<\/strong><\/p>\n<div align=\"left\">\n<hr \/>\n<\/div>\n<div align=\"left\">\n<p align=\"center\"><a href=\"#Sciences%20et%20Soci%C3%A9t%C3%A9s\"> <img loading=\"lazy\" decoding=\"async\" src=\"https:\/\/archipress.org\/images\/back\/bluearrowup.gif\" alt=\"\" width=\"15\" height=\"15\" border=\"0\" \/><\/a> <strong>Sciences et information\u00a0<\/strong><a href=\"#Philosophie%20des%20sciences\"><img loading=\"lazy\" decoding=\"async\" src=\"https:\/\/archipress.org\/images\/back\/bluearrowdown.gif\" alt=\"\" width=\"11\" height=\"9\" border=\"0\" \/><\/a><strong><span style=\"font-family: Arial;\"><br \/>\n<\/span><\/strong><\/p>\n<\/div>\n<div align=\"left\">\n<div align=\"justify\"><\/div>\n<div align=\"justify\">\n<p><strong>S\u00e9ance<\/strong> <strong>avec Michel Serres <\/strong><strong>et Khai Minh Pham <\/strong>(informaticien, 8 avril 2000)<\/p>\n<p><em>Questions, discussion g\u00e9n\u00e9rale. <\/em><em>Statut de la v\u00e9rit\u00e9 dans le cyberespace. S\u00e9curit\u00e9 des \u00e9changes de donn\u00e9es. Non-droit sur le r\u00e9seau. Identit\u00e9 et appartenance.<\/em><\/p>\n<p><strong>Ecoute<\/strong> (29&apos;)<br \/>\n<audio controls><source src=\"https:\/\/archipress.org\/audio\/mp3\/evian\/scienceinfo.mp3\" type=\"audio\/mpeg\">Your browser does not support the audio element.<\/audio><\/p>\n<\/div>\n<\/div>\n<div align=\"left\">\n<hr \/>\n<\/div>\n<p align=\"center\"><a href=\"#Sciences%20et%20Soci%C3%A9t%C3%A9s\"><img loading=\"lazy\" decoding=\"async\" src=\"https:\/\/archipress.org\/images\/back\/bluearrowup.gif\" alt=\"\" width=\"15\" height=\"15\" border=\"0\" \/><\/a> <strong><a title=\"Philosophie des sciences\" name=\"Philosophie des sciences\"><\/a><span style=\"font-family: Arial;\">Philosophie des sciences<\/span><\/strong><\/p>\n<div align=\"left\"><strong><br \/>\nInterventions significatives de Michel Serres<\/strong><\/div>\n<div align=\"left\"><\/div>\n<p><strong><img loading=\"lazy\" decoding=\"async\" class=\" alignleft\" src=\"https:\/\/archipress.org\/images\/mserres.gif\" alt=\"Michel Serres\" width=\"120\" height=\"137\" align=\"left\" border=\"0\" hspace=\"4\" vspace=\"0\" \/><\/strong><em>Sur le cr\u00e9ationnisme et l&#8217;\u00e9volution<\/em><\/p>\n<p><strong>Ecoute<\/strong> (2&apos;40&apos;&apos;)<br \/>\n<audio controls><source src=\"https:\/\/archipress.org\/audio\/mp3\/evian\/creationnisme.mp3\" type=\"audio\/mpeg\">Your browser does not support the audio element.<\/audio><\/p>\n<div align=\"justify\"><\/div>\n<p>&nbsp;<\/p>\n<div align=\"justify\"><\/div>\n<p><em>Sur la notion d&#8217;avatar en sciences<\/em><\/p>\n<p><strong>Ecoute<\/strong> (2&apos;53&apos;&apos;)<br \/>\n<audio controls><source src=\"https:\/\/archipress.org\/audio\/mp3\/evian\/avatar.mp3\" type=\"audio\/mpeg\">Your browser does not support the audio element.<\/audio><\/p>\n<div align=\"justify\"><\/div>\n<p><em>Sur la diff\u00e9rence entre logique du savoir et logique de l&#8217;\u00e9conomie<\/em><\/p>\n<p><strong>Ecoute<\/strong> (2&apos;)<br \/>\n<audio controls><source src=\"https:\/\/archipress.org\/audio\/mp3\/evian\/savoir.mp3\" type=\"audio\/mpeg\">Your browser does not support the audio element.<\/audio><\/p>\n<div align=\"justify\"><\/div>\n<p><em>Sur le temps irr\u00e9versible invent\u00e9 par les religions monoth\u00e9istes<\/em><\/p>\n<p><strong>Ecoute<\/strong> (1&apos;03&apos;&apos;)<br \/>\n<audio controls><source src=\"https:\/\/archipress.org\/audio\/mp3\/evian\/temps.mp3\" type=\"audio\/mpeg\">Your browser does not support the audio element.<\/audio><\/p>\n<p><em>Sur le lien entre r\u00e9volution technologique et religions du livre<\/em><\/p>\n<p><strong>Ecoute<\/strong> (2&apos;)<br \/>\n<audio controls><source src=\"https:\/\/archipress.org\/audio\/mp3\/evian\/religion.mp3\" type=\"audio\/mpeg\">Your browser does not support the audio element.<\/audio><br \/>\n  Your browser does not support the audio element.<\/audio><\/p>\n<div align=\"justify\">\n<p><em><em>Sur la diff\u00e9rence entre identit\u00e9 et appartenance<\/em><\/em><\/p>\n<\/div>\n<div align=\"justify\"><strong>Ecoute<\/strong> (2&apos;15&apos;&apos;)<br \/>\n<audio controls><source src=\"https:\/\/archipress.org\/audio\/mp3\/evian\/identite.mp3\" type=\"audio\/mpeg\">Your browser does not support the audio element.<\/audio><\/div>\n<p>&nbsp;<\/p>\n\n\n<p><\/p>\n","protected":false},"excerpt":{"rendered":"<p>Premi\u00e8res Rencontres d&#8217;Evian Sciences et Soci\u00e9t\u00e9s anim\u00e9es par Michel Serres avec Yves Coppens, Yves Lancelot, Pierre L\u00e9na, &#8230; 6, 7 et 8 avril 2000 Introduction (Michel Serres) Terre et climat (Yves Lancelot) Espace et univers (Pierre L\u00e9na) Origines de l&#8217;homme (Yves Coppens) Ma\u00eetrise du vivant (Charles Auffray) Sciences et information\u2026 <a class=\"continue-reading-link\" href=\"https:\/\/archipress.org\/?p=240\">Lire plus \/ Read more<\/a><\/p>\n","protected":false},"author":1,"featured_media":1408,"comment_status":"closed","ping_status":"closed","sticky":false,"template":"","format":"standard","meta":{"footnotes":""},"categories":[1],"tags":[],"class_list":["post-240","post","type-post","status-publish","format-standard","has-post-thumbnail","hentry","category-non-classe"],"_links":{"self":[{"href":"https:\/\/archipress.org\/index.php?rest_route=\/wp\/v2\/posts\/240","targetHints":{"allow":["GET"]}}],"collection":[{"href":"https:\/\/archipress.org\/index.php?rest_route=\/wp\/v2\/posts"}],"about":[{"href":"https:\/\/archipress.org\/index.php?rest_route=\/wp\/v2\/types\/post"}],"author":[{"embeddable":true,"href":"https:\/\/archipress.org\/index.php?rest_route=\/wp\/v2\/users\/1"}],"replies":[{"embeddable":true,"href":"https:\/\/archipress.org\/index.php?rest_route=%2Fwp%2Fv2%2Fcomments&post=240"}],"version-history":[{"count":1,"href":"https:\/\/archipress.org\/index.php?rest_route=\/wp\/v2\/posts\/240\/revisions"}],"predecessor-version":[{"id":2558,"href":"https:\/\/archipress.org\/index.php?rest_route=\/wp\/v2\/posts\/240\/revisions\/2558"}],"wp:featuredmedia":[{"embeddable":true,"href":"https:\/\/archipress.org\/index.php?rest_route=\/"}],"wp:attachment":[{"href":"https:\/\/archipress.org\/index.php?rest_route=%2Fwp%2Fv2%2Fmedia&parent=240"}],"wp:term":[{"taxonomy":"category","embeddable":true,"href":"https:\/\/archipress.org\/index.php?rest_route=%2Fwp%2Fv2%2Fcategories&post=240"},{"taxonomy":"post_tag","embeddable":true,"href":"https:\/\/archipress.org\/index.php?rest_route=%2Fwp%2Fv2%2Ftags&post=240"}],"curies":[{"name":"wp","href":"https:\/\/api.w.org\/{rel}","templated":true}]}}