{"id":2530,"date":"2026-03-11T17:22:01","date_gmt":"2026-03-11T16:22:01","guid":{"rendered":"https:\/\/archipress.org\/?page_id=2530"},"modified":"2026-05-02T08:24:31","modified_gmt":"2026-05-02T07:24:31","slug":"beethoven-annee-200-1970-par-jean-et-brigitte-massin","status":"publish","type":"post","link":"https:\/\/archipress.org\/?p=2530","title":{"rendered":"Beethoven ann\u00e9e 200 (1970) par Jean et Brigitte Massin"},"content":{"rendered":"<div class=\"content-body\">\n<p>\u00ab\u00a0La musique est une r\u00e9v\u00e9lation plus haute que toute sagesse et toute philosophie.\u00a0\u00bb L. van Beethoven<\/p>\n<p>Le compositeur allemand Ludwig van Beethoven est n\u00e9 le 17 d\u00e9cembre 1770. A l\u2019occasion du bicentenaire de la naissance de Beethoven, en 1970, Jean Massin, musicologue et historien fran\u00e7ais, consacrait avec son \u00e9pouse Brigitte une s\u00e9rie d\u2019\u00e9missions au \u00ab\u00a0g\u00e9ant de la musique\u00a0\u00bb, Beethoven.<\/p>\n<p>En 10 \u00e9missions, ils exploraient ensemble, avec leurs nombreux invit\u00e9s, les dimensions cr\u00e9atrices et humaines du musicien.<\/p>\n<p>Beethoven ann\u00e9e 200. Premi\u00e8re diffusion : 08.10.1970<\/p>\n<\/div>\n<p>Anniversaire Beethoven 1\/10<\/p>\n<p>&nbsp;<\/p>\n<div id=\"mp_mbmaplayer_1565696968857\" isplaying=\"false\" class=\"mbMiniPlayer mySkin gradientOverlay\" tabindex=\"1\">\n<div class=\"playerTable\"><audio controls=\"controls\" src=\"https:\/\/www.archipress.org\/audio\/mp3\/Beethoven_annee200.mp3\"><\/audio><\/div>\n<p><a class=\"map_download\" href=\"https:\/\/www.archipress.org\/audio\/mp3\/Beethoven_annee200.mp3\" download=\"Beethoven_annee200.mp3\" title=\"download: Beethoven_annee200\">d<\/a><\/p>\n<\/div>\n<p>2\/10<\/p>\n<div id=\"mp_mbmaplayer_1565696968857\" isplaying=\"true\" class=\"mbMiniPlayer mySkin gradientOverlay\" tabindex=\"2\">\n<div class=\"playerTable\"><\/div>\n<p><a class=\"map_download\" href=\"https:\/\/web.archive.org\/web\/20250523114745mp_\/https:\/\/www.archipress.org\/audio\/mp3\/Beethoven_annee200_2.mp3\" download=\"Beethoven_annee200_2.mp3\" title=\"download: Beethoven_annee200_2\">d<\/a><\/p>\n<\/div>\n<p>3\/10<\/p>\n<div id=\"mp_mbmaplayer_1565696968857\" isplaying=\"false\" class=\"mbMiniPlayer mySkin gradientOverlay\" tabindex=\"3\">\n<div class=\"playerTable\"><\/div>\n<p><a class=\"map_download\" href=\"https:\/\/web.archive.org\/web\/20250523114745mp_\/https:\/\/www.archipress.org\/audio\/mp3\/Beethoven_annee200_3.mp3\" download=\"Beethoven_annee200_3.mp3\" title=\"download: Beethoven_annee200_3\">d<\/a><\/p>\n<\/div>\n<p>4\/10<\/p>\n<div id=\"mp_mbmaplayer_1565696968857\" isplaying=\"false\" class=\"mbMiniPlayer mySkin gradientOverlay\" tabindex=\"4\">\n<div class=\"playerTable\"><\/div>\n<p><a class=\"map_download\" href=\"https:\/\/web.archive.org\/web\/20250523114745mp_\/https:\/\/www.archipress.org\/audio\/mp3\/Beethoven_annee200_4.mp3\" download=\"Beethoven_annee200_4.mp3\" title=\"download: Beethoven_annee200_4\">d<\/a><\/p>\n<\/div>\n<p>5\/10<\/p>\n<div id=\"mp_mbmaplayer_1565696968857\" isplaying=\"false\" class=\"mbMiniPlayer mySkin gradientOverlay\" tabindex=\"5\">\n<div class=\"playerTable\"><\/div>\n<p><a class=\"map_download\" href=\"https:\/\/web.archive.org\/web\/20250523114745mp_\/https:\/\/www.archipress.org\/audio\/mp3\/Beethoven_annee200_5.mp3\" download=\"Beethoven_annee200_5.mp3\" title=\"download: Beethoven_annee200_5\">d<\/a><\/p>\n<\/div>\n<p>6\/10<\/p>\n<div id=\"mp_mbmaplayer_1565696968857\" isplaying=\"false\" class=\"mbMiniPlayer mySkin gradientOverlay\" tabindex=\"6\">\n<div class=\"playerTable\"><\/div>\n<p><a class=\"map_download\" href=\"https:\/\/web.archive.org\/web\/20250523114745mp_\/https:\/\/www.archipress.org\/audio\/mp3\/Beethoven_annee200_6.mp3\" download=\"Beethoven_annee200_6.mp3\" title=\"download: Beethoven_annee200_6\">d<\/a><\/p>\n<\/div>\n<p>7\/10<\/p>\n<div id=\"mp_mbmaplayer_1565696968857\" isplaying=\"false\" class=\"mbMiniPlayer mySkin gradientOverlay\" tabindex=\"7\">\n<div class=\"playerTable\"><\/div>\n<p><a class=\"map_download\" href=\"https:\/\/web.archive.org\/web\/20250523114745mp_\/https:\/\/www.archipress.org\/audio\/mp3\/Beethoven_annee200_7.mp3\" download=\"Beethoven_annee200_7.mp3\" title=\"download: Beethoven_annee200_7\">d<\/a><\/p>\n<\/div>\n<p>8\/10<\/p>\n<div id=\"mp_mbmaplayer_1565696968857\" isplaying=\"false\" class=\"mbMiniPlayer mySkin gradientOverlay\" tabindex=\"8\">\n<div class=\"playerTable\"><\/div>\n<p><a class=\"map_download\" href=\"https:\/\/web.archive.org\/web\/20250523114745mp_\/https:\/\/www.archipress.org\/audio\/mp3\/Beethoven_annee200_8.mp3\" download=\"Beethoven_annee200_8.mp3\" title=\"download: Beethoven_annee200_8\">d<\/a><\/p>\n<\/div>\n<p class=\"glarity-read-bilingual\">9\/10<\/p>\n<div id=\"mp_mbmaplayer_1565696968857\" isplaying=\"false\" class=\"mbMiniPlayer mySkin gradientOverlay\" tabindex=\"9\">\n<div class=\"playerTable\"><\/div>\n<p><a class=\"map_download\" href=\"https:\/\/web.archive.org\/web\/20250523114745mp_\/https:\/\/www.archipress.org\/audio\/mp3\/Beethoven_annee200_9.mp3\" download=\"Beethoven_annee200_9.mp3\" title=\"download: Beethoven_annee200_9\">d<\/a><\/p>\n<\/div>\n<p class=\"glarity-read-bilingual\"><span class=\"glarity--translate__element glarity-read-bilingual-content notranslate glarity--translation_style_default\">9\/10 Beethoven year 200 by Jean and Brigitte Massin, 9\/10VmBeethoven year 200 by Jean and Brigitte Massin, 9\/1017:14RPd<\/span><\/p>\n<p>10\/10<\/p>\n<div id=\"mp_mbmaplayer_1565696968857\" isplaying=\"false\" class=\"mbMiniPlayer mySkin gradientOverlay\" tabindex=\"10\">\n<div class=\"playerTable\"><\/div>\n<p><a class=\"map_download\" href=\"https:\/\/web.archive.org\/web\/20250523114745mp_\/https:\/\/www.archipress.org\/audio\/mp3\/Beethoven_annee200_10.mp3\" download=\"Beethoven_annee200_10.mp3\" title=\"download: Beethoven_annee200_10\">d<\/a><\/p>\n<\/div>\n","protected":false},"excerpt":{"rendered":"<p>\u00ab\u00a0La musique est une r\u00e9v\u00e9lation plus haute que toute sagesse et toute philosophie.\u00a0\u00bb L. van Beethoven Le compositeur allemand Ludwig van Beethoven est n\u00e9 le 17 d\u00e9cembre 1770. A l\u2019occasion du bicentenaire de la naissance de Beethoven, en 1970, Jean Massin, musicologue et historien fran\u00e7ais, consacrait avec son \u00e9pouse Brigitte\u2026 <a class=\"continue-reading-link\" href=\"https:\/\/archipress.org\/?p=2530\">Lire plus \/ Read more<\/a><\/p>\n","protected":false},"author":1,"featured_media":0,"comment_status":"closed","ping_status":"closed","sticky":false,"template":"","format":"standard","meta":{"footnotes":""},"categories":[1],"tags":[],"class_list":["post-2530","post","type-post","status-publish","format-standard","hentry","category-non-classe"],"_links":{"self":[{"href":"https:\/\/archipress.org\/index.php?rest_route=\/wp\/v2\/posts\/2530","targetHints":{"allow":["GET"]}}],"collection":[{"href":"https:\/\/archipress.org\/index.php?rest_route=\/wp\/v2\/posts"}],"about":[{"href":"https:\/\/archipress.org\/index.php?rest_route=\/wp\/v2\/types\/post"}],"author":[{"embeddable":true,"href":"https:\/\/archipress.org\/index.php?rest_route=\/wp\/v2\/users\/1"}],"replies":[{"embeddable":true,"href":"https:\/\/archipress.org\/index.php?rest_route=%2Fwp%2Fv2%2Fcomments&post=2530"}],"version-history":[{"count":2,"href":"https:\/\/archipress.org\/index.php?rest_route=\/wp\/v2\/posts\/2530\/revisions"}],"predecessor-version":[{"id":2532,"href":"https:\/\/archipress.org\/index.php?rest_route=\/wp\/v2\/posts\/2530\/revisions\/2532"}],"wp:attachment":[{"href":"https:\/\/archipress.org\/index.php?rest_route=%2Fwp%2Fv2%2Fmedia&parent=2530"}],"wp:term":[{"taxonomy":"category","embeddable":true,"href":"https:\/\/archipress.org\/index.php?rest_route=%2Fwp%2Fv2%2Fcategories&post=2530"},{"taxonomy":"post_tag","embeddable":true,"href":"https:\/\/archipress.org\/index.php?rest_route=%2Fwp%2Fv2%2Ftags&post=2530"}],"curies":[{"name":"wp","href":"https:\/\/api.w.org\/{rel}","templated":true}]}}