{"id":297,"date":"2015-01-01T12:40:51","date_gmt":"2015-01-01T11:40:51","guid":{"rendered":"https:\/\/archipress.org\/wp\/?page_id=297"},"modified":"2026-05-02T08:25:52","modified_gmt":"2026-05-02T07:25:52","slug":"traite-de-semantologie","status":"publish","type":"post","link":"https:\/\/archipress.org\/?p=297","title":{"rendered":"Trait\u00e9 de S\u00e9mantologie"},"content":{"rendered":"<h3 style=\"text-align: center;\"><strong>Principes de la Sph\u00e8re s\u00e9mantique<\/strong><\/h3>\n<p>Pierre L\u00e9vy, <em>La sph\u00e8re s\u00e9mantique &#8211; Tome 1, Computation, cognition, \u00e9conomie de l&#8217;information<\/em>, Herm\u00e8s, 2011.<\/p>\n<div align=\"justify\">\n<ol>\n<li>Sel<img loading=\"lazy\" decoding=\"async\" class=\" alignright\" title=\"Pierre L\u00e9vy, La sph\u00e8re s\u00e9mantique - Tome 1, Computation, cognition, \u00e9conomie de l'information, Herm\u00e8s, 2011\" src=\"https:\/\/archipress.org\/images\/books\/levy.jpg\" alt=\" \" width=\"233\" height=\"351\" align=\"right\" hspace=\"5\" vspace=\"3\" \/>on son principe interne, la sph\u00e8re s\u00e9mantique est\u00a0<em>leibnizienne<\/em>, c\u2019est-\u00e0-dire perspectiviste et monadologique (Monadologie, \u00a7 56).<\/li>\n<li>Selon son principe externe, la sph\u00e8re s\u00e9mantique est\u00a0<em>deleuzienne<\/em>, c\u2019est-\u00e0-dire en reterritorialisation permanente, rhizomatique. Agr\u00e9gation fractale.<\/li>\n<li>Du point de vue de sa verticalit\u00e9, la sph\u00e8re s\u00e9mantique est\u00a0<em>avicennienne<\/em>: intellect agent, nu\u00e9e ang\u00e9lique de signes qui est somme des uns in(di)visibles.<\/li>\n<li>Du point de vue de son horizontalit\u00e9, la sph\u00e8re s\u00e9mantique est\u00a0<em>teilhardienne<\/em>: noosph\u00e8re en \u00e9mergence, intelligence en essaim. Propri\u00e9t\u00e9 collective.<\/li>\n<li>Dans son principe actif, la sph\u00e8re s\u00e9mantique produit le sens du sens par <em>calcul<\/em> : sa raison est <em><em>algorithmique.\n<p><\/em><\/em><\/li>\n<li>Dans son principe passif, la sph\u00e8re s\u00e9mantique proc\u00e8de d&#8217;une automation cognitive. Une machinerie parcourt le paysage des signes pour territorialiser des paysages mentaux, les baliser en signaux de pens\u00e9e.<\/li>\n<li>La forme <em>sph\u00e9rique<\/em> renvoie \u00e0 la membrane pensante et communicante de l&#8217;humanit\u00e9 qui recouvre le globe terrestre par c\u00e2ble, fibre, antenne, satellite interpos\u00e9s. Enveloppement.<\/li>\n<li>La dimension <em>s\u00e9mantique<\/em> est ici rendue \u00e0 son sens originaire de \u00ab technique des signaux \u00bb : s&#8217;invente dans la lanc\u00e9e un symbolisme nouveau transfigur\u00e9 en une signal\u00e9tique calculatoire. Sens et puissance.<\/li>\n<li>La sph\u00e8re s\u00e9mantique est l&#8217;aboutissement \u00e9volutif et \u00e9mergentiste de fulgurations se produisant \u00e0 chaque microseconde au sein de la membrane Web: ces fulgurations sont des id\u00e9es infinitis\u00e9es par la communication ubiquitaire.<\/li>\n<li>La sph\u00e8re s\u00e9mantique embrasse l&#8217;ensemble des conversations cr\u00e9atrices bruissant au sein de la Membrane; elle ordonne les d\u00e9tails et motifs, ramifie s\u00e9ries et suites de signes pour qu&#8217;\u00e9merge la Complexit\u00e9 du sens.<\/li>\n<li>La sph\u00e8re s\u00e9mantique donne \u00e0 voir les diff\u00e9rentes \u00e9chelles de complexit\u00e9 de l&#8217;humanit\u00e9 pensante et communicante: elle renvoie \u00e0 un m\u00e9taniveau, c\u2019est-\u00e0-dire une \u00e9pist\u00e9mologie transculturelle, transdisciplinaire. L&#8217;hypercomplexit\u00e9 \u00e0 la fois unifie et diff\u00e9rentialise les humanit\u00e9s dans l\u2019Humanit\u00e9.<\/li>\n<li>La sph\u00e8re s\u00e9mantique est le principal r\u00e9gime de production de sens d&#8217;une intelligence collective, connective, cognitive. Entendement m\u00e9ta-humain de ce que l&#8217;humain peut signifier sur le plan info-techno-logique.<\/li>\n<li>Cette intelligence collective, connective et cognitive \u00e9chappe \u00e0 tout contr\u00f4le, tout pouvoir, toute autorit\u00e9 par la puissance massivement parall\u00e8le du Grand Esprit de l\u2019Humanit\u00e9.<\/li>\n<li>La philosophie de l&#8217;information de la sph\u00e8re s\u00e9mantique v\u00e9rifie le postulat (m\u00e9ta)physique du (B)it, \u2018It from Bit\u2019, c&#8217;est-\u00e0.-dire que tout \u00ab \u00e7a \u00bb d\u00e9rive d\u2019un fil ou d&#8217;une bribe d&#8217;information.<\/li>\n<li>La sph\u00e8re s\u00e9mantique n&#8217;est pas une biblioth\u00e8que, un stock, un r\u00e9servoir; elle est Flux.<\/li>\n<li>La sph\u00e8re s\u00e9mantique, conversation infinie de milliards d&#8217;individus, exprime, selon une nouvelle technologie et une autre th\u00e9ologie de l\u2019\u00e9criture, l\u2019humanit\u00e9 de l\u2019Humanit\u00e9.<\/li>\n<\/ol>\n<\/div>\n<p align=\"right\">R\u00e9da Benkirane<\/p>\n<p align=\"right\">\n","protected":false},"excerpt":{"rendered":"<p>Principes de la Sph\u00e8re s\u00e9mantique Pierre L\u00e9vy, La sph\u00e8re s\u00e9mantique &#8211; Tome 1, Computation, cognition, \u00e9conomie de l&#8217;information, Herm\u00e8s, 2011. Selon son principe interne, la sph\u00e8re s\u00e9mantique est\u00a0leibnizienne, c\u2019est-\u00e0-dire perspectiviste et monadologique (Monadologie, \u00a7 56). Selon son principe externe, la sph\u00e8re s\u00e9mantique est\u00a0deleuzienne, c\u2019est-\u00e0-dire en reterritorialisation permanente, rhizomatique. Agr\u00e9gation fractale.\u2026 <a class=\"continue-reading-link\" href=\"https:\/\/archipress.org\/?p=297\">Lire plus \/ Read more<\/a><\/p>\n","protected":false},"author":1,"featured_media":1307,"comment_status":"closed","ping_status":"closed","sticky":false,"template":"","format":"standard","meta":{"footnotes":""},"categories":[],"tags":[],"class_list":["post-297","post","type-post","status-publish","format-standard","has-post-thumbnail","hentry"],"_links":{"self":[{"href":"https:\/\/archipress.org\/index.php?rest_route=\/wp\/v2\/posts\/297","targetHints":{"allow":["GET"]}}],"collection":[{"href":"https:\/\/archipress.org\/index.php?rest_route=\/wp\/v2\/posts"}],"about":[{"href":"https:\/\/archipress.org\/index.php?rest_route=\/wp\/v2\/types\/post"}],"author":[{"embeddable":true,"href":"https:\/\/archipress.org\/index.php?rest_route=\/wp\/v2\/users\/1"}],"replies":[{"embeddable":true,"href":"https:\/\/archipress.org\/index.php?rest_route=%2Fwp%2Fv2%2Fcomments&post=297"}],"version-history":[{"count":1,"href":"https:\/\/archipress.org\/index.php?rest_route=\/wp\/v2\/posts\/297\/revisions"}],"predecessor-version":[{"id":2731,"href":"https:\/\/archipress.org\/index.php?rest_route=\/wp\/v2\/posts\/297\/revisions\/2731"}],"wp:featuredmedia":[{"embeddable":true,"href":"https:\/\/archipress.org\/index.php?rest_route=\/"}],"wp:attachment":[{"href":"https:\/\/archipress.org\/index.php?rest_route=%2Fwp%2Fv2%2Fmedia&parent=297"}],"wp:term":[{"taxonomy":"category","embeddable":true,"href":"https:\/\/archipress.org\/index.php?rest_route=%2Fwp%2Fv2%2Fcategories&post=297"},{"taxonomy":"post_tag","embeddable":true,"href":"https:\/\/archipress.org\/index.php?rest_route=%2Fwp%2Fv2%2Ftags&post=297"}],"curies":[{"name":"wp","href":"https:\/\/api.w.org\/{rel}","templated":true}]}}