{"id":319,"date":"2015-01-01T13:13:23","date_gmt":"2015-01-01T12:13:23","guid":{"rendered":"https:\/\/archipress.org\/wp\/?page_id=319"},"modified":"2026-05-02T08:25:46","modified_gmt":"2026-05-02T07:25:46","slug":"bibliographie-de-pierre-levy","status":"publish","type":"post","link":"https:\/\/archipress.org\/?p=319","title":{"rendered":"Bibliographie de Pierre L\u00e9vy"},"content":{"rendered":"<h3 align=\"center\">Ouvrages de Pierre L\u00e9vy<\/h3>\n<p>&nbsp;<\/p>\n<p><em><a href=\"https:\/\/archipress.org\/?page_id=297\">La Sph\u00e8re s\u00e9mantique, tome 1<\/a>, <\/em>Paris,\u00a0Herm\u00e8s, 2011.<\/p>\n<p><a href=\"https:\/\/archipress.org\/?page_id=305\">Cyberculture, rapport au Conseil de l&#8217;Europe<\/a>. Paris, Odile Jacob, 1998.<\/p>\n<p><em><a href=\"http:\/\/hypermedia.univ-paris8.fr\/pierre\/virtuel\/virt0.htm\" target=\"_blank\">Qu&#8217;est-ce que le virtuel?<\/a><\/em> Paris, La D\u00e9couverte, \u00a01995.<\/p>\n<p><a href=\"https:\/\/archipress.org\/?page_id=301\"><em>L&#8217;intelligence collective<\/em><em>. Pour une anthropologie du cyberspace<\/em><\/a>. La D\u00e9couverte,\u00a01994.<\/p>\n<p><em>Les arbres de connaissances<\/em> (en coll. avec Michel Authier). La D\u00e9couverte,<br \/>\n1992.<\/p>\n<p><em>De la programmation consid\u00e9r\u00e9e comme un des beaux-arts,<\/em>\u00a0La D\u00e9couverte,<br \/>\n1992.<\/p>\n<p><em>Les nouveaux outils de la pens\u00e9e<\/em>, (\u00e9d. avec Pierre Chambat),\u00a0Paris, Descartes,<br \/>\n1992.<\/p>\n<p><em>L&#8217;id\u00e9ographie dynamique. Vers une imagination artificielle?<\/em> La D\u00e9couverte, 1991.<\/p>\n<p><em>Les technologies de l&#8217;intelligence. L&#8217;avenir de la pens\u00e9e \u00e0 l&#8217;\u00e8re informatique<\/em>,\u00a0La<br \/>\nD\u00e9couverte, Paris, 1990. (republi\u00e9 dans la collection Points au Seuil.)<\/p>\n<p><em>La Machine Univers. Cr\u00e9ation, cognition et culture informatique<\/em>,\u00a0La D\u00e9couverte,<br \/>\nParis, 1987 (republi\u00e9 dans la collection Points au Seuil).<\/p>\n","protected":false},"excerpt":{"rendered":"<p>Ouvrages de Pierre L\u00e9vy &nbsp; La Sph\u00e8re s\u00e9mantique, tome 1, Paris,\u00a0Herm\u00e8s, 2011. Cyberculture, rapport au Conseil de l&#8217;Europe. Paris, Odile Jacob, 1998. Qu&#8217;est-ce que le virtuel? Paris, La D\u00e9couverte, \u00a01995. L&#8217;intelligence collective. Pour une anthropologie du cyberspace. La D\u00e9couverte,\u00a01994. Les arbres de connaissances (en coll. avec Michel Authier). La D\u00e9couverte,\u2026 <a class=\"continue-reading-link\" href=\"https:\/\/archipress.org\/?p=319\">Lire plus \/ Read more<\/a><\/p>\n","protected":false},"author":1,"featured_media":0,"comment_status":"closed","ping_status":"closed","sticky":false,"template":"","format":"standard","meta":{"footnotes":""},"categories":[1],"tags":[],"class_list":["post-319","post","type-post","status-publish","format-standard","hentry","category-non-classe"],"_links":{"self":[{"href":"https:\/\/archipress.org\/index.php?rest_route=\/wp\/v2\/posts\/319","targetHints":{"allow":["GET"]}}],"collection":[{"href":"https:\/\/archipress.org\/index.php?rest_route=\/wp\/v2\/posts"}],"about":[{"href":"https:\/\/archipress.org\/index.php?rest_route=\/wp\/v2\/types\/post"}],"author":[{"embeddable":true,"href":"https:\/\/archipress.org\/index.php?rest_route=\/wp\/v2\/users\/1"}],"replies":[{"embeddable":true,"href":"https:\/\/archipress.org\/index.php?rest_route=%2Fwp%2Fv2%2Fcomments&post=319"}],"version-history":[{"count":1,"href":"https:\/\/archipress.org\/index.php?rest_route=\/wp\/v2\/posts\/319\/revisions"}],"predecessor-version":[{"id":2560,"href":"https:\/\/archipress.org\/index.php?rest_route=\/wp\/v2\/posts\/319\/revisions\/2560"}],"wp:attachment":[{"href":"https:\/\/archipress.org\/index.php?rest_route=%2Fwp%2Fv2%2Fmedia&parent=319"}],"wp:term":[{"taxonomy":"category","embeddable":true,"href":"https:\/\/archipress.org\/index.php?rest_route=%2Fwp%2Fv2%2Fcategories&post=319"},{"taxonomy":"post_tag","embeddable":true,"href":"https:\/\/archipress.org\/index.php?rest_route=%2Fwp%2Fv2%2Ftags&post=319"}],"curies":[{"name":"wp","href":"https:\/\/api.w.org\/{rel}","templated":true}]}}