{"id":490,"date":"2015-01-02T22:49:10","date_gmt":"2015-01-02T21:49:10","guid":{"rendered":"https:\/\/archipress.org\/wp\/?page_id=490"},"modified":"2026-05-02T08:25:27","modified_gmt":"2026-05-02T07:25:27","slug":"document-monument","status":"publish","type":"post","link":"https:\/\/archipress.org\/?p=490","title":{"rendered":"Document-monument"},"content":{"rendered":"<p align=\"justify\"><img loading=\"lazy\" decoding=\"async\" style=\"margin: 3px;\" title=\"Michel Foucault, L'arch\u00e9ologie du savoir, Gallimard, 1969.\" src=\"https:\/\/archipress.org\/images\/books\/foucault.jpg\" alt=\" \" width=\"231\" height=\"341\" align=\"right\" hspace=\"3\" vspace=\"3\" \/>Michel Foucault, <em>L&#8217;arch\u00e9ologie du savoir<\/em>, Gallimard, 1969.<\/p>\n<p style=\"text-align: justify;\">\u00abJ&#8217;ai donc entrepris de d\u00e9crire des relations entre des \u00e9nonc\u00e9s. (&#8230;) Je me suis d\u00e9cid\u00e9 \u00e0 ne n\u00e9gliger aucune forme de discontinuit\u00e9, de coupure, de seuil ou de limite (&#8230;) je voudrais montrer sur des exemples pr\u00e9cis, qu&#8217;en analysant les discours eux-m\u00eames, on voit se desserrer l&#8217;\u00e9treinte apparemment si forte des mots et des choses, et se d\u00e9gager un ensemble de r\u00e8gles propres \u00e0 la pratique discursive (&#8230;) Certes, les discours sont faits de signes; mais ce qu&#8217;ils font, c&#8217;est plus que d&#8217;utiliser ces signes pour d\u00e9signer des choses. C&#8217;est ce plus, qui les rend irr\u00e9ductibles \u00e0 la langue et \u00e0 la parole. C&#8217;est ce \u00abplus\u00bb qu&#8217;il faut faire appara\u00eetre et qu&#8217;il faut d\u00e9crire.\u00bb<\/p>\n<p>&nbsp;<\/p>\n<p><!--more--><br \/>\nCopie personnelle annot\u00e9e RB<\/p>\n<p><iframe loading=\"lazy\" src=\"https:\/\/app.box.com\/embed_widget\/s\/7kex1xn74k155u83al3y?view=&amp;sort=&amp;direction=ASC&amp;theme=gray\" width=\"750\" height=\"1000\" frameborder=\"0\" allowfullscreen=\"allowfullscreen\"><\/iframe><\/p>\n","protected":false},"excerpt":{"rendered":"<p>Michel Foucault, L&#8217;arch\u00e9ologie du savoir, Gallimard, 1969. \u00abJ&#8217;ai donc entrepris de d\u00e9crire des relations entre des \u00e9nonc\u00e9s. (&#8230;) Je me suis d\u00e9cid\u00e9 \u00e0 ne n\u00e9gliger aucune forme de discontinuit\u00e9, de coupure, de seuil ou de limite (&#8230;) je voudrais montrer sur des exemples pr\u00e9cis, qu&#8217;en analysant les discours eux-m\u00eames, on\u2026 <a class=\"continue-reading-link\" href=\"https:\/\/archipress.org\/?p=490\">Lire plus \/ Read more<\/a><\/p>\n","protected":false},"author":1,"featured_media":1274,"comment_status":"closed","ping_status":"closed","sticky":false,"template":"","format":"standard","meta":{"footnotes":""},"categories":[1],"tags":[],"class_list":["post-490","post","type-post","status-publish","format-standard","has-post-thumbnail","hentry","category-non-classe"],"_links":{"self":[{"href":"https:\/\/archipress.org\/index.php?rest_route=\/wp\/v2\/posts\/490","targetHints":{"allow":["GET"]}}],"collection":[{"href":"https:\/\/archipress.org\/index.php?rest_route=\/wp\/v2\/posts"}],"about":[{"href":"https:\/\/archipress.org\/index.php?rest_route=\/wp\/v2\/types\/post"}],"author":[{"embeddable":true,"href":"https:\/\/archipress.org\/index.php?rest_route=\/wp\/v2\/users\/1"}],"replies":[{"embeddable":true,"href":"https:\/\/archipress.org\/index.php?rest_route=%2Fwp%2Fv2%2Fcomments&post=490"}],"version-history":[{"count":1,"href":"https:\/\/archipress.org\/index.php?rest_route=\/wp\/v2\/posts\/490\/revisions"}],"predecessor-version":[{"id":2690,"href":"https:\/\/archipress.org\/index.php?rest_route=\/wp\/v2\/posts\/490\/revisions\/2690"}],"wp:featuredmedia":[{"embeddable":true,"href":"https:\/\/archipress.org\/index.php?rest_route=\/"}],"wp:attachment":[{"href":"https:\/\/archipress.org\/index.php?rest_route=%2Fwp%2Fv2%2Fmedia&parent=490"}],"wp:term":[{"taxonomy":"category","embeddable":true,"href":"https:\/\/archipress.org\/index.php?rest_route=%2Fwp%2Fv2%2Fcategories&post=490"},{"taxonomy":"post_tag","embeddable":true,"href":"https:\/\/archipress.org\/index.php?rest_route=%2Fwp%2Fv2%2Ftags&post=490"}],"curies":[{"name":"wp","href":"https:\/\/api.w.org\/{rel}","templated":true}]}}