{"id":710,"date":"2015-01-06T23:12:25","date_gmt":"2015-01-06T22:12:25","guid":{"rendered":"https:\/\/archipress.org\/wp\/?page_id=710"},"modified":"2026-05-02T08:25:09","modified_gmt":"2026-05-02T07:25:09","slug":"le-frere-profession-militant-president","status":"publish","type":"post","link":"https:\/\/archipress.org\/?p=710","title":{"rendered":"Le fr\u00e8re &#8211; profession militant pr\u00e9sident"},"content":{"rendered":"<h3 style=\"text-align: center;\" align=\"justify\"><strong>Le fr\u00e8re (Ahmed Ben Bella), 1963<\/strong><\/h3>\n<p>&nbsp;<\/p>\n<p style=\"text-align: justify;\"><em>Documentaire sur Ahmed Ben Bella, premier pr\u00e9sident de l&#8217;Alg\u00e9rie ind\u00e9pendante (1962-1965) qui s&#8217;est ralli\u00e9e au socialisme r\u00e9volutionnaire. Une saisie au vif, entre la fonction officielle, les rencontres et manifestations publiques, entrecoup\u00e9e d&#8217;un entretien.<\/em><\/p>\n<p style=\"text-align: justify;\">Apr\u00e8s s&#8217;\u00eatre alli\u00e9 avec les militaires de l&#8217;Arm\u00e9e de lib\u00e9ration nationale (ALN) contre les politiques du Gouvernement provisoire de la R\u00e9publique alg\u00e9rienne (GPRA), Ahmed Ben Bella prend les r\u00eanes de la toute jeune Alg\u00e9rie ind\u00e9pendante.<\/p>\n<p class=\"text\" style=\"text-align: justify;\" align=\"justify\">Partisan d&#8217;un socialisme teint\u00e9 de r\u00e9f\u00e9rence \u00e0 l&#8217;islam, Ben Bella suscitera l&#8217;int\u00e9r\u00eat de nombreux militants gauchistes fran\u00e7ais qui viendront en Alg\u00e9rie comme coop\u00e9rants avant de fuir le pays au moment du renversement de Ben Bella par l&#8217;arm\u00e9e et Boum\u00e9dienne, le 19 juin 1965.<\/p>\n<p class=\"text\" style=\"text-align: justify;\" align=\"justify\">Ce reportage diffus\u00e9 le 3 octobre 1963 dans l&#8217;\u00e9mission <em>Continents sans Visa<\/em> de la T\u00e9l\u00e9vision suisse romande dresse ici une esquisse de la soci\u00e9t\u00e9 alg\u00e9rienne au lendemain de l&#8217;Ind\u00e9pendance.<\/p>\n<p class=\"text\" style=\"text-align: justify;\" align=\"justify\">\n<p><strong>Le fr\u00e8re<\/strong>, r\u00e9alisation de Jean-Jacques Lagrange, Journaliste Fran\u00e7ois Enderlin, 19 mn,\u00a01963.<br \/>\n<strong>Le fr\u00e8re<\/strong>, partie 1<\/p>\n<div class=\"allvideos\"><object width=\"500\" height=\"250\"><embed src=\"http:\/\/www.youtube.com\/v\/yNwEAlK-yC0\" wmode=\"transparent\" type=\"application\/x-shockwave-flash\" width=\"500\" height=\"250\" \/><\/object><\/div>\n<p><strong>Le fr\u00e8re<\/strong>, partie 2<\/p>\n<div class=\"allvideos\"><object width=\"500\" height=\"250\"><embed src=\"http:\/\/www.youtube.com\/v\/v_YqT55iWyY\" wmode=\"transparent\" type=\"application\/x-shockwave-flash\" width=\"500\" height=\"250\" \/><\/object><\/div>\n<p>&nbsp;<\/p>\n<p><span style=\"color: #000000; font-family: arial, tahoma, verdana, 'times new roman'; font-size: 14px; line-height: normal; background-color: #f6f6f0;\">\u00a0<\/span><\/p>\n","protected":false},"excerpt":{"rendered":"<p>Le fr\u00e8re (Ahmed Ben Bella), 1963 &nbsp; Documentaire sur Ahmed Ben Bella, premier pr\u00e9sident de l&#8217;Alg\u00e9rie ind\u00e9pendante (1962-1965) qui s&#8217;est ralli\u00e9e au socialisme r\u00e9volutionnaire. Une saisie au vif, entre la fonction officielle, les rencontres et manifestations publiques, entrecoup\u00e9e d&#8217;un entretien. Apr\u00e8s s&#8217;\u00eatre alli\u00e9 avec les militaires de l&#8217;Arm\u00e9e de lib\u00e9ration\u2026 <a class=\"continue-reading-link\" href=\"https:\/\/archipress.org\/?p=710\">Lire plus \/ Read more<\/a><\/p>\n","protected":false},"author":1,"featured_media":711,"comment_status":"closed","ping_status":"closed","sticky":false,"template":"","format":"standard","meta":{"footnotes":""},"categories":[1],"tags":[],"class_list":["post-710","post","type-post","status-publish","format-standard","has-post-thumbnail","hentry","category-non-classe"],"_links":{"self":[{"href":"https:\/\/archipress.org\/index.php?rest_route=\/wp\/v2\/posts\/710","targetHints":{"allow":["GET"]}}],"collection":[{"href":"https:\/\/archipress.org\/index.php?rest_route=\/wp\/v2\/posts"}],"about":[{"href":"https:\/\/archipress.org\/index.php?rest_route=\/wp\/v2\/types\/post"}],"author":[{"embeddable":true,"href":"https:\/\/archipress.org\/index.php?rest_route=\/wp\/v2\/users\/1"}],"replies":[{"embeddable":true,"href":"https:\/\/archipress.org\/index.php?rest_route=%2Fwp%2Fv2%2Fcomments&post=710"}],"version-history":[{"count":1,"href":"https:\/\/archipress.org\/index.php?rest_route=\/wp\/v2\/posts\/710\/revisions"}],"predecessor-version":[{"id":2657,"href":"https:\/\/archipress.org\/index.php?rest_route=\/wp\/v2\/posts\/710\/revisions\/2657"}],"wp:featuredmedia":[{"embeddable":true,"href":"https:\/\/archipress.org\/index.php?rest_route=\/"}],"wp:attachment":[{"href":"https:\/\/archipress.org\/index.php?rest_route=%2Fwp%2Fv2%2Fmedia&parent=710"}],"wp:term":[{"taxonomy":"category","embeddable":true,"href":"https:\/\/archipress.org\/index.php?rest_route=%2Fwp%2Fv2%2Fcategories&post=710"},{"taxonomy":"post_tag","embeddable":true,"href":"https:\/\/archipress.org\/index.php?rest_route=%2Fwp%2Fv2%2Ftags&post=710"}],"curies":[{"name":"wp","href":"https:\/\/api.w.org\/{rel}","templated":true}]}}