{"id":717,"date":"2015-01-06T23:51:47","date_gmt":"2015-01-06T22:51:47","guid":{"rendered":"https:\/\/archipress.org\/wp\/?page_id=717"},"modified":"2026-05-02T08:25:08","modified_gmt":"2026-05-02T07:25:08","slug":"face-a-la-presse-au-sortir-de-la-prison","status":"publish","type":"post","link":"https:\/\/archipress.org\/?p=717","title":{"rendered":"Face \u00e0 la presse: au sortir de la prison"},"content":{"rendered":"<h3 style=\"text-align: center;\">Ahmed Ben Bella. Face \u00e0 la Presse<\/h3>\n<p>&nbsp;<\/p>\n<p style=\"text-align: justify;\"><img loading=\"lazy\" decoding=\"async\" style=\"margin: 3px;\" src=\"https:\/\/archipress.org\/images\/bb\/bb.jpg\" alt=\" \" width=\"203\" height=\"152\" align=\"left\" border=\"0\" hspace=\"3\" vspace=\"4\" \/>Premi\u00e8re \u00e9mission t\u00e9l\u00e9vis\u00e9e de Ben Bella apr\u00e8s sa lib\u00e9ration.<br \/>\n(TF1, 06\/1981, avec Jean-Marie Cavada, Jean Daniel, Dominique Bromberger, Yves Cuau, etc.)<\/p>\n<p>Ecouter l&apos;\u00e9mission, 1h 08mn<br \/>\n<audio controls><source src=\"\/audio\/bb.mp3\" type=\"audio\/mpeg\">Your browser does not support audio playback.<\/audio><\/p>\n","protected":false},"excerpt":{"rendered":"<p>Ahmed Ben Bella. Face \u00e0 la Presse &nbsp; Premi\u00e8re \u00e9mission t\u00e9l\u00e9vis\u00e9e de Ben Bella apr\u00e8s sa lib\u00e9ration. (TF1, 06\/1981, avec Jean-Marie Cavada, Jean Daniel, Dominique Bromberger, Yves Cuau, etc.) Ecouter l&apos;\u00e9mission, 1h 08mn Your browser does not support audio playback. <a class=\"continue-reading-link\" href=\"https:\/\/archipress.org\/?p=717\">Lire plus \/ Read more<\/a><\/p>\n","protected":false},"author":1,"featured_media":718,"comment_status":"closed","ping_status":"closed","sticky":false,"template":"","format":"standard","meta":{"footnotes":""},"categories":[1],"tags":[],"class_list":["post-717","post","type-post","status-publish","format-standard","has-post-thumbnail","hentry","category-non-classe"],"_links":{"self":[{"href":"https:\/\/archipress.org\/index.php?rest_route=\/wp\/v2\/posts\/717","targetHints":{"allow":["GET"]}}],"collection":[{"href":"https:\/\/archipress.org\/index.php?rest_route=\/wp\/v2\/posts"}],"about":[{"href":"https:\/\/archipress.org\/index.php?rest_route=\/wp\/v2\/types\/post"}],"author":[{"embeddable":true,"href":"https:\/\/archipress.org\/index.php?rest_route=\/wp\/v2\/users\/1"}],"replies":[{"embeddable":true,"href":"https:\/\/archipress.org\/index.php?rest_route=%2Fwp%2Fv2%2Fcomments&post=717"}],"version-history":[{"count":1,"href":"https:\/\/archipress.org\/index.php?rest_route=\/wp\/v2\/posts\/717\/revisions"}],"predecessor-version":[{"id":2656,"href":"https:\/\/archipress.org\/index.php?rest_route=\/wp\/v2\/posts\/717\/revisions\/2656"}],"wp:featuredmedia":[{"embeddable":true,"href":"https:\/\/archipress.org\/index.php?rest_route=\/"}],"wp:attachment":[{"href":"https:\/\/archipress.org\/index.php?rest_route=%2Fwp%2Fv2%2Fmedia&parent=717"}],"wp:term":[{"taxonomy":"category","embeddable":true,"href":"https:\/\/archipress.org\/index.php?rest_route=%2Fwp%2Fv2%2Fcategories&post=717"},{"taxonomy":"post_tag","embeddable":true,"href":"https:\/\/archipress.org\/index.php?rest_route=%2Fwp%2Fv2%2Ftags&post=717"}],"curies":[{"name":"wp","href":"https:\/\/api.w.org\/{rel}","templated":true}]}}