{"id":725,"date":"2015-01-07T00:11:51","date_gmt":"2015-01-06T23:11:51","guid":{"rendered":"https:\/\/archipress.org\/wp\/?page_id=725"},"modified":"2026-05-02T08:25:08","modified_gmt":"2026-05-02T07:25:08","slug":"retour-dexil-1990","status":"publish","type":"post","link":"https:\/\/archipress.org\/?p=725","title":{"rendered":"Retour d&#8217;exil (1990)"},"content":{"rendered":"<div align=\"center\">\n<h3>Autour d&#8217;un retour&#8230; Ben Bella en Alg\u00e9rie<\/h3>\n<\/div>\n<p align=\"center\"><span style=\"font-family: Arial;\">S\u00e9lectionn\u00e9 pour les 7e Rencontres Medias Nord-Sud (1991)<\/span><\/p>\n<p align=\"justify\"><span style=\"font-family: Arial;\">Vingt-cinq ans apr\u00e8s le coup d&#8217;Etat qui l&#8217;a renvers\u00e9, Ahmed Ben Bella retrouve l&#8217;Alg\u00e9rie. Une \u00e9quipe l&#8217;a accompagn\u00e9 lors de son retour au pays. Une occasion pour s&#8217;interroger sur les probl\u00e8mes de la population alg\u00e9rienne: crise \u00e9conomique, mutations culturelles, mise en doute des hommes politiques et de l&#8217;ouverture d\u00e9mocratique.<\/span><\/p>\n<p align=\"left\"><strong><span style=\"font-family: Arial, Helvetica, sans-serif;\">Visionner le documentaire<\/span><\/strong><\/p>\n<div class=\"allvideos\"><object width=\"500\" height=\"250\"><embed src=\"http:\/\/www.youtube.com\/v\/1pkBnr3ePTc\" wmode=\"transparent\" type=\"application\/x-shockwave-flash\" width=\"500\" height=\"250\" \/><\/object><\/div>\n<p><strong><span style=\"font-family: Arial;\">Fiche technique<\/span><\/strong><\/p>\n<table border=\"2\" width=\"500\" cellspacing=\"2\" cellpadding=\"0\">\n<tbody>\n<tr>\n<td width=\"119\"><span style=\"font-family: Arial;\">R\u00e9alisation<\/span><\/td>\n<td width=\"391\"><span style=\"font-family: Arial;\">R\u00e9da Benkirane &amp; Rachid Alami<\/span><\/td>\n<\/tr>\n<tr>\n<td width=\"119\"><span style=\"font-family: Arial;\">Production<\/span><\/td>\n<td width=\"391\"><span style=\"font-family: Arial;\">Cathode Video &amp; Activ&#8217;Camera (Paris) Laloui (Alger)<\/span><\/td>\n<\/tr>\n<tr>\n<td width=\"119\"><span style=\"font-family: Arial;\">Dur\u00e9e<\/span><\/td>\n<td width=\"391\"><span style=\"font-family: Arial;\">26 minutes<\/span><\/td>\n<\/tr>\n<tr>\n<td width=\"119\"><span style=\"font-family: Arial;\">Langues<\/span><\/td>\n<td width=\"391\"><span style=\"font-family: Arial;\">arabe-fran\u00e7ais (sous-titre)<\/span><\/td>\n<\/tr>\n<tr>\n<td width=\"119\"><span style=\"font-family: Arial;\">Date de r\u00e9alisation<\/span><\/td>\n<td width=\"391\"><span style=\"font-family: Arial;\">septembre 1990<\/span><\/td>\n<\/tr>\n<tr>\n<td width=\"119\"><span style=\"font-family: Arial;\">Genre<\/span><\/td>\n<td width=\"391\"><span style=\"font-family: Arial;\">documentaire<\/span><\/td>\n<\/tr>\n<tr>\n<td width=\"119\"><span style=\"font-family: Arial;\">Interviews<\/span><\/td>\n<td width=\"391\"><span style=\"font-family: Arial;\">Ahmed Ben Bella, Hocine A\u00eft Ahmed, Abbassi Madani, Rachid Mimouni, etc.<\/span><\/td>\n<\/tr>\n<\/tbody>\n<\/table>\n<p><span style=\"font-family: Arial;\"><span style=\"font-family: Arial;\">\u00a0<\/span><\/span><\/p>\n<p><span style=\"font-family: Arial;\"><span style=\"font-family: Arial;\">\u00a0<\/span><\/span><\/p>\n","protected":false},"excerpt":{"rendered":"<p>Autour d&#8217;un retour&#8230; Ben Bella en Alg\u00e9rie S\u00e9lectionn\u00e9 pour les 7e Rencontres Medias Nord-Sud (1991) Vingt-cinq ans apr\u00e8s le coup d&#8217;Etat qui l&#8217;a renvers\u00e9, Ahmed Ben Bella retrouve l&#8217;Alg\u00e9rie. Une \u00e9quipe l&#8217;a accompagn\u00e9 lors de son retour au pays. Une occasion pour s&#8217;interroger sur les probl\u00e8mes de la population alg\u00e9rienne:\u2026 <a class=\"continue-reading-link\" href=\"https:\/\/archipress.org\/?p=725\">Lire plus \/ Read more<\/a><\/p>\n","protected":false},"author":1,"featured_media":727,"comment_status":"closed","ping_status":"closed","sticky":false,"template":"","format":"standard","meta":{"footnotes":""},"categories":[],"tags":[],"class_list":["post-725","post","type-post","status-publish","format-standard","has-post-thumbnail","hentry"],"_links":{"self":[{"href":"https:\/\/archipress.org\/index.php?rest_route=\/wp\/v2\/posts\/725","targetHints":{"allow":["GET"]}}],"collection":[{"href":"https:\/\/archipress.org\/index.php?rest_route=\/wp\/v2\/posts"}],"about":[{"href":"https:\/\/archipress.org\/index.php?rest_route=\/wp\/v2\/types\/post"}],"author":[{"embeddable":true,"href":"https:\/\/archipress.org\/index.php?rest_route=\/wp\/v2\/users\/1"}],"replies":[{"embeddable":true,"href":"https:\/\/archipress.org\/index.php?rest_route=%2Fwp%2Fv2%2Fcomments&post=725"}],"version-history":[{"count":1,"href":"https:\/\/archipress.org\/index.php?rest_route=\/wp\/v2\/posts\/725\/revisions"}],"predecessor-version":[{"id":2655,"href":"https:\/\/archipress.org\/index.php?rest_route=\/wp\/v2\/posts\/725\/revisions\/2655"}],"wp:featuredmedia":[{"embeddable":true,"href":"https:\/\/archipress.org\/index.php?rest_route=\/"}],"wp:attachment":[{"href":"https:\/\/archipress.org\/index.php?rest_route=%2Fwp%2Fv2%2Fmedia&parent=725"}],"wp:term":[{"taxonomy":"category","embeddable":true,"href":"https:\/\/archipress.org\/index.php?rest_route=%2Fwp%2Fv2%2Fcategories&post=725"},{"taxonomy":"post_tag","embeddable":true,"href":"https:\/\/archipress.org\/index.php?rest_route=%2Fwp%2Fv2%2Ftags&post=725"}],"curies":[{"name":"wp","href":"https:\/\/api.w.org\/{rel}","templated":true}]}}